{"id":6462,"date":"2024-02-16T12:46:02","date_gmt":"2024-02-16T11:46:02","guid":{"rendered":"http:\/\/lagodicomo.com\/it\/?p=6462"},"modified":"2024-03-11T09:11:39","modified_gmt":"2024-03-11T08:11:39","slug":"ossuccio","status":"publish","type":"post","link":"https:\/\/lagodicomo.com\/it\/ossuccio\/","title":{"rendered":"Ossuccio"},"content":{"rendered":"<p><strong>Ossuccio<\/strong><strong><img loading=\"lazy\" decoding=\"async\" class=\"alignright size-medium wp-image-6909\" src=\"https:\/\/lagodicomo.com\/it\/wp-content\/uploads\/2019\/02\/Ossuccio-225x300.jpg\" alt=\"\" width=\"225\" height=\"300\" srcset=\"https:\/\/lagodicomo.com\/it\/wp-content\/uploads\/2019\/02\/Ossuccio-225x300.jpg 225w, https:\/\/lagodicomo.com\/it\/wp-content\/uploads\/2019\/02\/Ossuccio-768x1024.jpg 768w, https:\/\/lagodicomo.com\/it\/wp-content\/uploads\/2019\/02\/Ossuccio-600x800.jpg 600w, https:\/\/lagodicomo.com\/it\/wp-content\/uploads\/2019\/02\/Ossuccio.jpg 810w\" sizes=\"auto, (max-width: 225px) 100vw, 225px\" \/><\/strong><br \/>\nPaese di origine preromana, lo conferma un&#8217;ara votiva in sarizzo del II secolo d.C. appartenente alla popolazione degli &#8220;Ausuciates&#8221; che diedero il nome al paese.<br \/>\nNella zona era un rifiorire di chiese, come quella romanica di San Giacomo a Spurano o quella di Santa Maria Maddalena nella frazione di Ospedaletto.<\/p>\n<p>Alle pendici del monte che sovrasta l&#8217;abitato si trova il Santuario della Beata Vergine del Soccorso. Pi\u00f9 sopra c&#8217;\u00e8 il Monastero di San Benedetto con un bellissimo chiostro.<br \/>\nImportante era anche la chiesa di Sant&#8217;Eufemia che, con altre cinque chiese, era presente sull&#8217;Isola Comacina.<\/p>\n<h4>DA VEDERE<\/h4>\n<p><strong>Campanile di Ossuccio (Ospedaletto)<\/strong><br \/>\nDegno di interesse \u00e8 il notissimo campanile della chiesa di Santa Maria Maddalena in Ospedaletto. La &#8220;guglia&#8221; venne sovrapposta, sotto forma di una seconda fiorita cella campanaria in cotto, al campanile romanico in pietra. Il primitivo campanile terminava sopra l&#8217;attuale bifora.<strong><img loading=\"lazy\" decoding=\"async\" class=\"alignright  wp-image-711\" src=\"https:\/\/lagodicomo.com\/it\/wp-content\/uploads\/2018\/03\/WP_20160908_17_35_41_Pro-169x300.jpg\" alt=\"\" width=\"130\" height=\"231\" srcset=\"https:\/\/lagodicomo.com\/it\/wp-content\/uploads\/2018\/03\/WP_20160908_17_35_41_Pro-169x300.jpg 169w, https:\/\/lagodicomo.com\/it\/wp-content\/uploads\/2018\/03\/WP_20160908_17_35_41_Pro-768x1367.jpg 768w, https:\/\/lagodicomo.com\/it\/wp-content\/uploads\/2018\/03\/WP_20160908_17_35_41_Pro-575x1024.jpg 575w, https:\/\/lagodicomo.com\/it\/wp-content\/uploads\/2018\/03\/WP_20160908_17_35_41_Pro-600x1068.jpg 600w, https:\/\/lagodicomo.com\/it\/wp-content\/uploads\/2018\/03\/WP_20160908_17_35_41_Pro.jpg 1456w\" sizes=\"auto, (max-width: 130px) 100vw, 130px\" \/><\/strong><\/p>\n<p><strong>Santuario della Vergine del Soccorso<\/strong><br \/>\nSopra Ossuccio, la chiesa (XVI secolo, con rimaneggiamenti sino al XVIII secolo) conserva una venerata statua della Vergine. Vi si accede da un viale con 14 cappelle del &#8216;700 che racchiudono statue in gesso raffiguranti i Misteri del Rosario.<br \/>\nL&#8217;8 Settembre in occasione della Nativit\u00e0 della Madonna si celebra una festa religiosa presso il Santuario<\/p>\n<p><img loading=\"lazy\" decoding=\"async\" class=\"size-medium wp-image-6143 alignleft\" src=\"https:\/\/lagodicomo.com\/it\/wp-content\/uploads\/2019\/02\/Ossuccio-isola-300x225.jpg\" alt=\"\" width=\"300\" height=\"225\" srcset=\"https:\/\/lagodicomo.com\/it\/wp-content\/uploads\/2019\/02\/Ossuccio-isola-300x225.jpg 300w, https:\/\/lagodicomo.com\/it\/wp-content\/uploads\/2019\/02\/Ossuccio-isola-768x576.jpg 768w, https:\/\/lagodicomo.com\/it\/wp-content\/uploads\/2019\/02\/Ossuccio-isola.jpg 1024w, https:\/\/lagodicomo.com\/it\/wp-content\/uploads\/2019\/02\/Ossuccio-isola-600x450.jpg 600w\" sizes=\"auto, (max-width: 300px) 100vw, 300px\" \/><strong>Oratorio di San Giacomo<\/strong><br \/>\nA Ossuccio, la piccola chiesa romanica monoabsidale (secoli XI-XII), restaurata dall&#8217;arch. Pietro Lingeri, conserva affreschi fra i pi\u00f9 antichi della zona (fra il XII e il XV secolo).<\/p>\n<p><strong>Castel d&#8217;Isola<\/strong><br \/>\n\u00c8 la vecchia isola in mezzo al lago che si raggiunge con servizio barche e dove c&#8217;\u00e8 una locanda famosa per il suo vecchio titolare, chiamato Cotoletta. L&#8217;isola, abitata fin dall&#8217;antichit\u00e0, fu al centro di numerose guerele altomedioevali: fu ultimo rifugio di Berengario 11 e, nel 1169, si trov\u00f2 al centro delle lotte tra comaschi e milanesi, che la distrussero. Secondo una leggenda i suoi abitanti, in parte, migrarono a Varenna. La maggior parte di loro pass\u00f2 alla nuova isola, dove venne riedificata la chiesa di Sant&#8217;Eufemia, con la stessa patrona di quella distrutta sulla vecchia isola.<\/p>\n<p><strong>\u00a0<\/strong><\/p>\n","protected":false},"excerpt":{"rendered":"<p>Ossuccio Paese di origine preromana, lo conferma un&#8217;ara votiva in sarizzo del II secolo d.C&#8230;.<\/p>\n","protected":false},"author":1,"featured_media":6143,"comment_status":"open","ping_status":"open","sticky":false,"template":"","format":"standard","meta":{"_mo_disable_npp":"","footnotes":""},"categories":[51,108,104],"tags":[],"class_list":{"0":"post-6462","1":"post","2":"type-post","3":"status-publish","4":"format-standard","5":"has-post-thumbnail","7":"category-cosa-fare","8":"category-destinazioni","9":"category-ossuccio"},"yoast_head":"<!-- This site is optimized with the Yoast SEO plugin v24.5 - https:\/\/yoast.com\/wordpress\/plugins\/seo\/ -->\n<title>Ossuccio - Lago di Como<\/title>\n<meta name=\"description\" content=\"Ossuccio Paese di origine preromana, lo conferma un&#039;ara votiva in sarizzo del II secolo d.C. appartenente alla popolazione degli &quot;Ausuciates&quot;\" \/>\n<meta name=\"robots\" content=\"index, follow, max-snippet:-1, max-image-preview:large, max-video-preview:-1\" \/>\n<link rel=\"canonical\" href=\"https:\/\/lagodicomo.com\/it\/ossuccio\/\" \/>\n<meta property=\"og:locale\" content=\"it_IT\" \/>\n<meta property=\"og:type\" content=\"article\" \/>\n<meta property=\"og:title\" content=\"Ossuccio - Lago di Como\" \/>\n<meta property=\"og:description\" content=\"Ossuccio Paese di origine preromana, lo conferma un&#039;ara votiva in sarizzo del II secolo d.C. appartenente alla popolazione degli &quot;Ausuciates&quot;\" \/>\n<meta property=\"og:url\" content=\"https:\/\/lagodicomo.com\/it\/ossuccio\/\" \/>\n<meta property=\"og:site_name\" content=\"Lago di Como\" \/>\n<meta property=\"article:published_time\" content=\"2024-02-16T11:46:02+00:00\" \/>\n<meta property=\"article:modified_time\" content=\"2024-03-11T08:11:39+00:00\" \/>\n<meta property=\"og:image\" content=\"https:\/\/lagodicomo.com\/it\/wp-content\/uploads\/2019\/02\/Ossuccio-isola.jpg\" \/>\n\t<meta property=\"og:image:width\" content=\"1024\" \/>\n\t<meta property=\"og:image:height\" content=\"768\" \/>\n\t<meta property=\"og:image:type\" content=\"image\/jpeg\" \/>\n<meta name=\"author\" content=\"Lago di Como\" \/>\n<meta name=\"twitter:card\" content=\"summary_large_image\" \/>\n<meta name=\"twitter:label1\" content=\"Scritto da\" \/>\n\t<meta name=\"twitter:data1\" content=\"\" \/>\n\t<meta name=\"twitter:label2\" content=\"Tempo di lettura stimato\" \/>\n\t<meta name=\"twitter:data2\" content=\"2 minuti\" \/>\n<script type=\"application\/ld+json\" class=\"yoast-schema-graph\">{\"@context\":\"https:\/\/schema.org\",\"@graph\":[{\"@type\":\"WebPage\",\"@id\":\"https:\/\/lagodicomo.com\/it\/ossuccio\/\",\"url\":\"https:\/\/lagodicomo.com\/it\/ossuccio\/\",\"name\":\"Ossuccio - Lago di Como\",\"isPartOf\":{\"@id\":\"https:\/\/lagodicomo.com\/it\/#website\"},\"primaryImageOfPage\":{\"@id\":\"https:\/\/lagodicomo.com\/it\/ossuccio\/#primaryimage\"},\"image\":{\"@id\":\"https:\/\/lagodicomo.com\/it\/ossuccio\/#primaryimage\"},\"thumbnailUrl\":\"https:\/\/lagodicomo.com\/it\/wp-content\/uploads\/2019\/02\/Ossuccio-isola.jpg\",\"datePublished\":\"2024-02-16T11:46:02+00:00\",\"dateModified\":\"2024-03-11T08:11:39+00:00\",\"author\":{\"@id\":\"https:\/\/lagodicomo.com\/it\/#\/schema\/person\/3154800156fe04ada1d63423959885ec\"},\"description\":\"Ossuccio Paese di origine preromana, lo conferma un'ara votiva in sarizzo del II secolo d.C. appartenente alla popolazione degli \\\"Ausuciates\\\"\",\"breadcrumb\":{\"@id\":\"https:\/\/lagodicomo.com\/it\/ossuccio\/#breadcrumb\"},\"inLanguage\":\"it-IT\",\"potentialAction\":[{\"@type\":\"ReadAction\",\"target\":[\"https:\/\/lagodicomo.com\/it\/ossuccio\/\"]}]},{\"@type\":\"ImageObject\",\"inLanguage\":\"it-IT\",\"@id\":\"https:\/\/lagodicomo.com\/it\/ossuccio\/#primaryimage\",\"url\":\"https:\/\/lagodicomo.com\/it\/wp-content\/uploads\/2019\/02\/Ossuccio-isola.jpg\",\"contentUrl\":\"https:\/\/lagodicomo.com\/it\/wp-content\/uploads\/2019\/02\/Ossuccio-isola.jpg\",\"width\":1024,\"height\":768},{\"@type\":\"BreadcrumbList\",\"@id\":\"https:\/\/lagodicomo.com\/it\/ossuccio\/#breadcrumb\",\"itemListElement\":[{\"@type\":\"ListItem\",\"position\":1,\"name\":\"Home\",\"item\":\"https:\/\/lagodicomo.com\/it\/\"},{\"@type\":\"ListItem\",\"position\":2,\"name\":\"Ossuccio\"}]},{\"@type\":\"WebSite\",\"@id\":\"https:\/\/lagodicomo.com\/it\/#website\",\"url\":\"https:\/\/lagodicomo.com\/it\/\",\"name\":\"Lago di Como\",\"description\":\"lago di como il portale del lago\",\"potentialAction\":[{\"@type\":\"SearchAction\",\"target\":{\"@type\":\"EntryPoint\",\"urlTemplate\":\"https:\/\/lagodicomo.com\/it\/?s={search_term_string}\"},\"query-input\":{\"@type\":\"PropertyValueSpecification\",\"valueRequired\":true,\"valueName\":\"search_term_string\"}}],\"inLanguage\":\"it-IT\"},{\"@type\":\"Person\",\"@id\":\"https:\/\/lagodicomo.com\/it\/#\/schema\/person\/3154800156fe04ada1d63423959885ec\",\"name\":\"Lago di Como\",\"image\":{\"@type\":\"ImageObject\",\"inLanguage\":\"it-IT\",\"@id\":\"https:\/\/lagodicomo.com\/it\/#\/schema\/person\/image\/\",\"url\":\"https:\/\/secure.gravatar.com\/avatar\/fb542172e0c0e38d77af3e1432ed5180?s=96&d=mm&r=g\",\"contentUrl\":\"https:\/\/secure.gravatar.com\/avatar\/fb542172e0c0e38d77af3e1432ed5180?s=96&d=mm&r=g\",\"caption\":\"Lago di Como\"},\"url\":\"https:\/\/lagodicomo.com\/it\/author\/claudiospada\/\"}]}<\/script>\n<!-- \/ Yoast SEO plugin. -->","yoast_head_json":{"title":"Ossuccio - Lago di Como","description":"Ossuccio Paese di origine preromana, lo conferma un'ara votiva in sarizzo del II secolo d.C. appartenente alla popolazione degli \"Ausuciates\"","robots":{"index":"index","follow":"follow","max-snippet":"max-snippet:-1","max-image-preview":"max-image-preview:large","max-video-preview":"max-video-preview:-1"},"canonical":"https:\/\/lagodicomo.com\/it\/ossuccio\/","og_locale":"it_IT","og_type":"article","og_title":"Ossuccio - Lago di Como","og_description":"Ossuccio Paese di origine preromana, lo conferma un'ara votiva in sarizzo del II secolo d.C. appartenente alla popolazione degli \"Ausuciates\"","og_url":"https:\/\/lagodicomo.com\/it\/ossuccio\/","og_site_name":"Lago di Como","article_published_time":"2024-02-16T11:46:02+00:00","article_modified_time":"2024-03-11T08:11:39+00:00","og_image":[{"width":1024,"height":768,"url":"https:\/\/lagodicomo.com\/it\/wp-content\/uploads\/2019\/02\/Ossuccio-isola.jpg","type":"image\/jpeg"}],"author":"Lago di Como","twitter_card":"summary_large_image","twitter_misc":{"Scritto da":false,"Tempo di lettura stimato":"2 minuti"},"schema":{"@context":"https:\/\/schema.org","@graph":[{"@type":"WebPage","@id":"https:\/\/lagodicomo.com\/it\/ossuccio\/","url":"https:\/\/lagodicomo.com\/it\/ossuccio\/","name":"Ossuccio - Lago di Como","isPartOf":{"@id":"https:\/\/lagodicomo.com\/it\/#website"},"primaryImageOfPage":{"@id":"https:\/\/lagodicomo.com\/it\/ossuccio\/#primaryimage"},"image":{"@id":"https:\/\/lagodicomo.com\/it\/ossuccio\/#primaryimage"},"thumbnailUrl":"https:\/\/lagodicomo.com\/it\/wp-content\/uploads\/2019\/02\/Ossuccio-isola.jpg","datePublished":"2024-02-16T11:46:02+00:00","dateModified":"2024-03-11T08:11:39+00:00","author":{"@id":"https:\/\/lagodicomo.com\/it\/#\/schema\/person\/3154800156fe04ada1d63423959885ec"},"description":"Ossuccio Paese di origine preromana, lo conferma un'ara votiva in sarizzo del II secolo d.C. appartenente alla popolazione degli \"Ausuciates\"","breadcrumb":{"@id":"https:\/\/lagodicomo.com\/it\/ossuccio\/#breadcrumb"},"inLanguage":"it-IT","potentialAction":[{"@type":"ReadAction","target":["https:\/\/lagodicomo.com\/it\/ossuccio\/"]}]},{"@type":"ImageObject","inLanguage":"it-IT","@id":"https:\/\/lagodicomo.com\/it\/ossuccio\/#primaryimage","url":"https:\/\/lagodicomo.com\/it\/wp-content\/uploads\/2019\/02\/Ossuccio-isola.jpg","contentUrl":"https:\/\/lagodicomo.com\/it\/wp-content\/uploads\/2019\/02\/Ossuccio-isola.jpg","width":1024,"height":768},{"@type":"BreadcrumbList","@id":"https:\/\/lagodicomo.com\/it\/ossuccio\/#breadcrumb","itemListElement":[{"@type":"ListItem","position":1,"name":"Home","item":"https:\/\/lagodicomo.com\/it\/"},{"@type":"ListItem","position":2,"name":"Ossuccio"}]},{"@type":"WebSite","@id":"https:\/\/lagodicomo.com\/it\/#website","url":"https:\/\/lagodicomo.com\/it\/","name":"Lago di Como","description":"lago di como il portale del lago","potentialAction":[{"@type":"SearchAction","target":{"@type":"EntryPoint","urlTemplate":"https:\/\/lagodicomo.com\/it\/?s={search_term_string}"},"query-input":{"@type":"PropertyValueSpecification","valueRequired":true,"valueName":"search_term_string"}}],"inLanguage":"it-IT"},{"@type":"Person","@id":"https:\/\/lagodicomo.com\/it\/#\/schema\/person\/3154800156fe04ada1d63423959885ec","name":"Lago di Como","image":{"@type":"ImageObject","inLanguage":"it-IT","@id":"https:\/\/lagodicomo.com\/it\/#\/schema\/person\/image\/","url":"https:\/\/secure.gravatar.com\/avatar\/fb542172e0c0e38d77af3e1432ed5180?s=96&d=mm&r=g","contentUrl":"https:\/\/secure.gravatar.com\/avatar\/fb542172e0c0e38d77af3e1432ed5180?s=96&d=mm&r=g","caption":"Lago di Como"},"url":"https:\/\/lagodicomo.com\/it\/author\/claudiospada\/"}]}},"_links":{"self":[{"href":"https:\/\/lagodicomo.com\/it\/wp-json\/wp\/v2\/posts\/6462","targetHints":{"allow":["GET"]}}],"collection":[{"href":"https:\/\/lagodicomo.com\/it\/wp-json\/wp\/v2\/posts"}],"about":[{"href":"https:\/\/lagodicomo.com\/it\/wp-json\/wp\/v2\/types\/post"}],"author":[{"embeddable":true,"href":"https:\/\/lagodicomo.com\/it\/wp-json\/wp\/v2\/users\/1"}],"replies":[{"embeddable":true,"href":"https:\/\/lagodicomo.com\/it\/wp-json\/wp\/v2\/comments?post=6462"}],"version-history":[{"count":3,"href":"https:\/\/lagodicomo.com\/it\/wp-json\/wp\/v2\/posts\/6462\/revisions"}],"predecessor-version":[{"id":7945,"href":"https:\/\/lagodicomo.com\/it\/wp-json\/wp\/v2\/posts\/6462\/revisions\/7945"}],"wp:featuredmedia":[{"embeddable":true,"href":"https:\/\/lagodicomo.com\/it\/wp-json\/wp\/v2\/media\/6143"}],"wp:attachment":[{"href":"https:\/\/lagodicomo.com\/it\/wp-json\/wp\/v2\/media?parent=6462"}],"wp:term":[{"taxonomy":"category","embeddable":true,"href":"https:\/\/lagodicomo.com\/it\/wp-json\/wp\/v2\/categories?post=6462"},{"taxonomy":"post_tag","embeddable":true,"href":"https:\/\/lagodicomo.com\/it\/wp-json\/wp\/v2\/tags?post=6462"}],"curies":[{"name":"wp","href":"https:\/\/api.w.org\/{rel}","templated":true}]}}