{"id":6468,"date":"2024-02-17T10:42:22","date_gmt":"2024-02-17T09:42:22","guid":{"rendered":"http:\/\/lagodicomo.com\/it\/?p=6468"},"modified":"2024-03-11T09:13:43","modified_gmt":"2024-03-11T08:13:43","slug":"lenno","status":"publish","type":"post","link":"https:\/\/lagodicomo.com\/it\/lenno\/","title":{"rendered":"Lenno"},"content":{"rendered":"[vc_row type=&#8221;in_container&#8221; full_screen_row_position=&#8221;middle&#8221; column_margin=&#8221;default&#8221; scene_position=&#8221;center&#8221; text_color=&#8221;dark&#8221; text_align=&#8221;left&#8221; overlay_strength=&#8221;0.3&#8243; shape_divider_position=&#8221;bottom&#8221; bg_image_animation=&#8221;none&#8221;][vc_column column_padding=&#8221;no-extra-padding&#8221; column_padding_position=&#8221;all&#8221; background_color_opacity=&#8221;1&#8243; background_hover_color_opacity=&#8221;1&#8243; column_link_target=&#8221;_self&#8221; column_shadow=&#8221;none&#8221; column_border_radius=&#8221;none&#8221; width=&#8221;1\/1&#8243; tablet_width_inherit=&#8221;default&#8221; tablet_text_alignment=&#8221;default&#8221; phone_text_alignment=&#8221;default&#8221; overlay_strength=&#8221;0.3&#8243; column_border_width=&#8221;none&#8221; column_border_style=&#8221;solid&#8221; bg_image_animation=&#8221;none&#8221;][vc_column_text]\n<div id=\"stcpDiv\">\n<div align=\"justify\">Lenno \u00e8 un importante centro della sponda occidentale del Lario, situato fra il promontorio di Lavedo e quello di Portezza. Qui inizia la zona costiera, denominata Tremezzina, che termina alla Maiolica. <strong><img loading=\"lazy\" decoding=\"async\" class=\"alignleft size-medium wp-image-6064\" src=\"https:\/\/lagodicomo.com\/it\/wp-content\/uploads\/2019\/02\/lenno-boat-300x169.jpg\" alt=\"\" width=\"300\" height=\"169\" srcset=\"https:\/\/lagodicomo.com\/it\/wp-content\/uploads\/2019\/02\/lenno-boat-300x169.jpg 300w, https:\/\/lagodicomo.com\/it\/wp-content\/uploads\/2019\/02\/lenno-boat-768x432.jpg 768w, https:\/\/lagodicomo.com\/it\/wp-content\/uploads\/2019\/02\/lenno-boat-1024x576.jpg 1024w, https:\/\/lagodicomo.com\/it\/wp-content\/uploads\/2019\/02\/lenno-boat-600x338.jpg 600w, https:\/\/lagodicomo.com\/it\/wp-content\/uploads\/2019\/02\/lenno-boat.jpg 1200w\" sizes=\"auto, (max-width: 300px) 100vw, 300px\" \/><\/strong>Le tombe e le suppellettili, riportate alla luce dagli scavi archeologici, comprovano le origini romane del paese.<\/div>\n<div align=\"justify\">Gli storici comaschi, del XVII secolo, sostenevano che qui fu costruita una delle due ville di Plinio il Giovane (1 secolo d.C., quella da lui denominata &#8220;Comoedia&#8221;). Da Lenno, una passeggiata panoramica, anche se impegnativa, sale al Monte di Tremezzo (1700 m.). Molto suggestiva \u00e8 la gita che si pu\u00f2 compiere costeggiando in barca le rive del lago, doppiando il promontorio su cui sorge Villa Balbianello sino a giungere all&#8217;Isola Comacina.<\/div>\n<div align=\"center\"><\/div>\n<h4 align=\"center\"><\/h4>\n<h4 align=\"justify\"><strong>DA VEDERE<\/strong><\/h4>\n<p align=\"justify\"><strong>Chiesa di S. Stefano e Battistero<\/strong><br \/>\nIn origine sacello paleocristiano, quindi tempio romanico (XI secolo), del quale rimane la cripta, fu ricostruita nel Cinquecento e rimaneggiata verso la fine del Seicento e posteriormente. All&#8217;interno: resti di affreschi del XIV e del XVI secolo (questi ultimi di scuola del Luini). Ben conservato \u00e8 il vicino battistero, costruzione romanica della fine dell&#8217;XI secolo. A pianta ottagonale, con abside in origine semicircolare, presenta una decorazione a lesene, semicolonne ed archetti, un portale con lunetta e finestre strombate. Sulla sommit\u00e0 della copertura \u00e8 posto un lantemino quadrato con bifora a doppia ghiera.<\/p>\n<p align=\"justify\"><strong>Abbazia dell&#8217; Acquafredda<\/strong><br \/>\nCosi denominata da una sorgente che scaturisce sul sagrato, fu edificata nel XII secolo e ricostruita nel XVII e nel XVIII. L&#8217;edificio attuale, a una navata con due cappelle laterali, \u00e8 adorno di stucchi e dipinti, tra l&#8217;altro, del Fiamminghino (1621).<\/p>\n<div align=\"justify\">\n<a href=\"https:\/\/lagodicomo.com\/it\/villa-del-balbianello\/\"><strong>Villa Balbianello<\/strong><\/a><br \/>\n<img loading=\"lazy\" decoding=\"async\" class=\"alignleft size-medium wp-image-6921\" src=\"https:\/\/lagodicomo.com\/it\/wp-content\/uploads\/2019\/02\/villa-balbianello-boat-300x225.jpg\" alt=\"\" width=\"300\" height=\"225\" srcset=\"https:\/\/lagodicomo.com\/it\/wp-content\/uploads\/2019\/02\/villa-balbianello-boat-300x225.jpg 300w, https:\/\/lagodicomo.com\/it\/wp-content\/uploads\/2019\/02\/villa-balbianello-boat-768x576.jpg 768w, https:\/\/lagodicomo.com\/it\/wp-content\/uploads\/2019\/02\/villa-balbianello-boat-1024x768.jpg 1024w, https:\/\/lagodicomo.com\/it\/wp-content\/uploads\/2019\/02\/villa-balbianello-boat-600x450.jpg 600w, https:\/\/lagodicomo.com\/it\/wp-content\/uploads\/2019\/02\/villa-balbianello-boat.jpg 1440w\" sizes=\"auto, (max-width: 300px) 100vw, 300px\" \/>Questa stupenda dimora Settecentesca \u00e8, dal 1988, propriet\u00e0 del FAI. Nel 1787 il card. Angelo Maria Durini acquist\u00f2, dai Giovio, la residenza del &#8220;Balbiano&#8221;. Legato pontificio, nunzio a Malta, Varsavia ed Avignone, il Durini compr\u00f2 anche il promontorio di Lavedo, ovvero la piccola penisola che avanza verso il Centro Lago. Sulla punta di Lavedo sorgeva, allora, una chiesetta dedicata a S. Giovanni ed un altrettanto piccolo convento dei francescani. Li il cardinale fece costruire un elegante loggiato, fiancheggiato da due saloni, dalla biblioteca e dalla sala della musica. Nel XIX secolo la villa pass\u00f2 alla famiglia Porro-Lambertenghi, che ospit\u00f2 pi\u00f9 volte il patriota Silvio Pellico; anzi, pare che il Pellico fosse appena rientrato dal lago quando venne arrestato e poi incarcerato allo Spielberg. Nel secolo scorso si procedette, inoltre, al restauro della chiesetta e dell&#8217;antico convento, lasciato in disuso dopo i lavori realizzati dal card. Durini, legando i due edifici al colonnato del &#8220;Balbianello&#8221;, in modo da creare un unico corpo architettonico degradante verso il lago. Dopo alterne vicissitudini, la dimora con i suoi stupendi giardini fu acquistata (nel 1975) da Guido Monzino, che alla sua morte ha provveduto a lasciarla in eredit\u00e0 al Fondo Italiano per l&#8217;Ambiente (FAI), con una donazione di 2 miliardi per consentire futuri interventi di manutenzione. Attualmente l&#8217;accesso alla Villa \u00e8 aperto al pubblico limitatamente al giardino, nel periodo aprile-ottobre, nei giorni di martedi, giovedi, sabato e domenica (orario: 10-12,30\/15,30-18,30). Si arriva alla Villa solo via lago, con imbarco da Sala Comacina. Qui, in prossimit\u00e0 del Campanile romanico, \u00e8 a disposizione un ampio parcheggio auto. Nei giorni di visita, (dalle 9,45 e dalle 15,45 ogni 30 minuti), \u00e8 istituito un regolare servizio di motoscafi, con partenza dall&#8217;imbarcadero di Sala Comacina.<\/div>\n<div align=\"justify\">Per informazioni, prenotazioni, visite guidate e adesioni al FAI, ci si pu\u00f2 rivolgere a Villa Balbianello, (tel. 0344-56110), oppure alla Segreteria FAI di Milano, (tel. 02-4693693-4815556).<\/div>\n<div align=\"justify\">\nChe cos&#8217;\u00e8 il FAI? Il Fondo per l&#8217;Ambiente Italiano che contribuisce alla tutela e alla conservazione dei beni culturali e ambientali, in modo concreto, cio\u00e8 con l&#8217;acquisizione degli stessi. I proprietari che donano i loro beni al FAI, vengono sollevati dagli oneri fiscali e dalle spese di restauro, ma possono mantenere il diritto di abitare, loro e i loro eredi, parte dell&#8217;edificio donato. Il FAI \u00e8 nato nel 1975 ed \u00e8 in fattiva collaborazlone sia con enti pubblici che con altre associazioni, come ad esempio il WWF.<\/div>\n<\/div>\n[\/vc_column_text][\/vc_column][\/vc_row][vc_row type=&#8221;in_container&#8221; full_screen_row_position=&#8221;middle&#8221; column_margin=&#8221;default&#8221; scene_position=&#8221;center&#8221; text_color=&#8221;dark&#8221; text_align=&#8221;left&#8221; overlay_strength=&#8221;0.3&#8243; shape_divider_position=&#8221;bottom&#8221; bg_image_animation=&#8221;none&#8221;][vc_column column_padding=&#8221;no-extra-padding&#8221; column_padding_position=&#8221;all&#8221; background_color_opacity=&#8221;1&#8243; background_hover_color_opacity=&#8221;1&#8243; column_link_target=&#8221;_self&#8221; column_shadow=&#8221;none&#8221; column_border_radius=&#8221;none&#8221; width=&#8221;1\/1&#8243; tablet_width_inherit=&#8221;default&#8221; tablet_text_alignment=&#8221;default&#8221; phone_text_alignment=&#8221;default&#8221; overlay_strength=&#8221;0.3&#8243; column_border_width=&#8221;none&#8221; column_border_style=&#8221;solid&#8221; bg_image_animation=&#8221;none&#8221;][vc_gallery type=&#8221;image_grid&#8221; images=&#8221;7503,6871,6632,6626,8352,8351,8354,6064,6604,6872,8357,8355,8356&#8243; layout=&#8221;4&#8243; item_spacing=&#8221;default&#8221; gallery_style=&#8221;7&#8243; load_in_animation=&#8221;none&#8221;][\/vc_column][\/vc_row]\n","protected":false},"excerpt":{"rendered":"<p>[vc_row type=&#8221;in_container&#8221; full_screen_row_position=&#8221;middle&#8221; column_margin=&#8221;default&#8221; scene_position=&#8221;center&#8221; text_color=&#8221;dark&#8221; text_align=&#8221;left&#8221; overlay_strength=&#8221;0.3&#8243; shape_divider_position=&#8221;bottom&#8221; bg_image_animation=&#8221;none&#8221;][vc_column column_padding=&#8221;no-extra-padding&#8221; column_padding_position=&#8221;all&#8221; background_color_opacity=&#8221;1&#8243; background_hover_color_opacity=&#8221;1&#8243; column_link_target=&#8221;_self&#8221;&#8230;<\/p>\n","protected":false},"author":1,"featured_media":6064,"comment_status":"open","ping_status":"open","sticky":false,"template":"","format":"standard","meta":{"_mo_disable_npp":"","footnotes":""},"categories":[51,108,77],"tags":[],"class_list":{"0":"post-6468","1":"post","2":"type-post","3":"status-publish","4":"format-standard","5":"has-post-thumbnail","7":"category-cosa-fare","8":"category-destinazioni","9":"category-lenno"},"yoast_head":"<!-- This site is optimized with the Yoast SEO plugin v24.5 - https:\/\/yoast.com\/wordpress\/plugins\/seo\/ -->\n<title>Lenno - Lago di Como<\/title>\n<meta name=\"description\" content=\"Lenno \u00e8 un importante centro della sponda occidentale del Lario, situato fra il promontorio di Lavedo e quello di Portezza.\" \/>\n<meta name=\"robots\" content=\"index, follow, max-snippet:-1, max-image-preview:large, max-video-preview:-1\" \/>\n<link rel=\"canonical\" href=\"https:\/\/lagodicomo.com\/it\/lenno\/\" \/>\n<meta property=\"og:locale\" content=\"it_IT\" \/>\n<meta property=\"og:type\" content=\"article\" \/>\n<meta property=\"og:title\" content=\"Lenno - Lago di Como\" \/>\n<meta property=\"og:description\" content=\"Lenno \u00e8 un importante centro della sponda occidentale del Lario, situato fra il promontorio di Lavedo e quello di Portezza.\" \/>\n<meta property=\"og:url\" content=\"https:\/\/lagodicomo.com\/it\/lenno\/\" \/>\n<meta property=\"og:site_name\" content=\"Lago di Como\" \/>\n<meta property=\"article:published_time\" content=\"2024-02-17T09:42:22+00:00\" \/>\n<meta property=\"article:modified_time\" content=\"2024-03-11T08:13:43+00:00\" \/>\n<meta property=\"og:image\" content=\"https:\/\/lagodicomo.com\/it\/wp-content\/uploads\/2019\/02\/lenno-boat.jpg\" \/>\n\t<meta property=\"og:image:width\" content=\"1200\" \/>\n\t<meta property=\"og:image:height\" content=\"675\" \/>\n\t<meta property=\"og:image:type\" content=\"image\/jpeg\" \/>\n<meta name=\"author\" content=\"Lago di Como\" \/>\n<meta name=\"twitter:card\" content=\"summary_large_image\" \/>\n<meta name=\"twitter:label1\" content=\"Scritto da\" \/>\n\t<meta name=\"twitter:data1\" content=\"\" \/>\n\t<meta name=\"twitter:label2\" content=\"Tempo di lettura stimato\" \/>\n\t<meta name=\"twitter:data2\" content=\"4 minuti\" \/>\n<script type=\"application\/ld+json\" class=\"yoast-schema-graph\">{\"@context\":\"https:\/\/schema.org\",\"@graph\":[{\"@type\":\"WebPage\",\"@id\":\"https:\/\/lagodicomo.com\/it\/lenno\/\",\"url\":\"https:\/\/lagodicomo.com\/it\/lenno\/\",\"name\":\"Lenno - Lago di Como\",\"isPartOf\":{\"@id\":\"https:\/\/lagodicomo.com\/it\/#website\"},\"primaryImageOfPage\":{\"@id\":\"https:\/\/lagodicomo.com\/it\/lenno\/#primaryimage\"},\"image\":{\"@id\":\"https:\/\/lagodicomo.com\/it\/lenno\/#primaryimage\"},\"thumbnailUrl\":\"https:\/\/lagodicomo.com\/it\/wp-content\/uploads\/2019\/02\/lenno-boat.jpg\",\"datePublished\":\"2024-02-17T09:42:22+00:00\",\"dateModified\":\"2024-03-11T08:13:43+00:00\",\"author\":{\"@id\":\"https:\/\/lagodicomo.com\/it\/#\/schema\/person\/3154800156fe04ada1d63423959885ec\"},\"description\":\"Lenno \u00e8 un importante centro della sponda occidentale del Lario, situato fra il promontorio di Lavedo e quello di Portezza.\",\"breadcrumb\":{\"@id\":\"https:\/\/lagodicomo.com\/it\/lenno\/#breadcrumb\"},\"inLanguage\":\"it-IT\",\"potentialAction\":[{\"@type\":\"ReadAction\",\"target\":[\"https:\/\/lagodicomo.com\/it\/lenno\/\"]}]},{\"@type\":\"ImageObject\",\"inLanguage\":\"it-IT\",\"@id\":\"https:\/\/lagodicomo.com\/it\/lenno\/#primaryimage\",\"url\":\"https:\/\/lagodicomo.com\/it\/wp-content\/uploads\/2019\/02\/lenno-boat.jpg\",\"contentUrl\":\"https:\/\/lagodicomo.com\/it\/wp-content\/uploads\/2019\/02\/lenno-boat.jpg\",\"width\":1200,\"height\":675},{\"@type\":\"BreadcrumbList\",\"@id\":\"https:\/\/lagodicomo.com\/it\/lenno\/#breadcrumb\",\"itemListElement\":[{\"@type\":\"ListItem\",\"position\":1,\"name\":\"Home\",\"item\":\"https:\/\/lagodicomo.com\/it\/\"},{\"@type\":\"ListItem\",\"position\":2,\"name\":\"Lenno\"}]},{\"@type\":\"WebSite\",\"@id\":\"https:\/\/lagodicomo.com\/it\/#website\",\"url\":\"https:\/\/lagodicomo.com\/it\/\",\"name\":\"Lago di Como\",\"description\":\"lago di como il portale del lago\",\"potentialAction\":[{\"@type\":\"SearchAction\",\"target\":{\"@type\":\"EntryPoint\",\"urlTemplate\":\"https:\/\/lagodicomo.com\/it\/?s={search_term_string}\"},\"query-input\":{\"@type\":\"PropertyValueSpecification\",\"valueRequired\":true,\"valueName\":\"search_term_string\"}}],\"inLanguage\":\"it-IT\"},{\"@type\":\"Person\",\"@id\":\"https:\/\/lagodicomo.com\/it\/#\/schema\/person\/3154800156fe04ada1d63423959885ec\",\"name\":\"Lago di Como\",\"image\":{\"@type\":\"ImageObject\",\"inLanguage\":\"it-IT\",\"@id\":\"https:\/\/lagodicomo.com\/it\/#\/schema\/person\/image\/\",\"url\":\"https:\/\/secure.gravatar.com\/avatar\/fb542172e0c0e38d77af3e1432ed5180?s=96&d=mm&r=g\",\"contentUrl\":\"https:\/\/secure.gravatar.com\/avatar\/fb542172e0c0e38d77af3e1432ed5180?s=96&d=mm&r=g\",\"caption\":\"Lago di Como\"},\"url\":\"https:\/\/lagodicomo.com\/it\/author\/claudiospada\/\"}]}<\/script>\n<!-- \/ Yoast SEO plugin. -->","yoast_head_json":{"title":"Lenno - Lago di Como","description":"Lenno \u00e8 un importante centro della sponda occidentale del Lario, situato fra il promontorio di Lavedo e quello di Portezza.","robots":{"index":"index","follow":"follow","max-snippet":"max-snippet:-1","max-image-preview":"max-image-preview:large","max-video-preview":"max-video-preview:-1"},"canonical":"https:\/\/lagodicomo.com\/it\/lenno\/","og_locale":"it_IT","og_type":"article","og_title":"Lenno - Lago di Como","og_description":"Lenno \u00e8 un importante centro della sponda occidentale del Lario, situato fra il promontorio di Lavedo e quello di Portezza.","og_url":"https:\/\/lagodicomo.com\/it\/lenno\/","og_site_name":"Lago di Como","article_published_time":"2024-02-17T09:42:22+00:00","article_modified_time":"2024-03-11T08:13:43+00:00","og_image":[{"width":1200,"height":675,"url":"https:\/\/lagodicomo.com\/it\/wp-content\/uploads\/2019\/02\/lenno-boat.jpg","type":"image\/jpeg"}],"author":"Lago di Como","twitter_card":"summary_large_image","twitter_misc":{"Scritto da":false,"Tempo di lettura stimato":"4 minuti"},"schema":{"@context":"https:\/\/schema.org","@graph":[{"@type":"WebPage","@id":"https:\/\/lagodicomo.com\/it\/lenno\/","url":"https:\/\/lagodicomo.com\/it\/lenno\/","name":"Lenno - Lago di Como","isPartOf":{"@id":"https:\/\/lagodicomo.com\/it\/#website"},"primaryImageOfPage":{"@id":"https:\/\/lagodicomo.com\/it\/lenno\/#primaryimage"},"image":{"@id":"https:\/\/lagodicomo.com\/it\/lenno\/#primaryimage"},"thumbnailUrl":"https:\/\/lagodicomo.com\/it\/wp-content\/uploads\/2019\/02\/lenno-boat.jpg","datePublished":"2024-02-17T09:42:22+00:00","dateModified":"2024-03-11T08:13:43+00:00","author":{"@id":"https:\/\/lagodicomo.com\/it\/#\/schema\/person\/3154800156fe04ada1d63423959885ec"},"description":"Lenno \u00e8 un importante centro della sponda occidentale del Lario, situato fra il promontorio di Lavedo e quello di Portezza.","breadcrumb":{"@id":"https:\/\/lagodicomo.com\/it\/lenno\/#breadcrumb"},"inLanguage":"it-IT","potentialAction":[{"@type":"ReadAction","target":["https:\/\/lagodicomo.com\/it\/lenno\/"]}]},{"@type":"ImageObject","inLanguage":"it-IT","@id":"https:\/\/lagodicomo.com\/it\/lenno\/#primaryimage","url":"https:\/\/lagodicomo.com\/it\/wp-content\/uploads\/2019\/02\/lenno-boat.jpg","contentUrl":"https:\/\/lagodicomo.com\/it\/wp-content\/uploads\/2019\/02\/lenno-boat.jpg","width":1200,"height":675},{"@type":"BreadcrumbList","@id":"https:\/\/lagodicomo.com\/it\/lenno\/#breadcrumb","itemListElement":[{"@type":"ListItem","position":1,"name":"Home","item":"https:\/\/lagodicomo.com\/it\/"},{"@type":"ListItem","position":2,"name":"Lenno"}]},{"@type":"WebSite","@id":"https:\/\/lagodicomo.com\/it\/#website","url":"https:\/\/lagodicomo.com\/it\/","name":"Lago di Como","description":"lago di como il portale del lago","potentialAction":[{"@type":"SearchAction","target":{"@type":"EntryPoint","urlTemplate":"https:\/\/lagodicomo.com\/it\/?s={search_term_string}"},"query-input":{"@type":"PropertyValueSpecification","valueRequired":true,"valueName":"search_term_string"}}],"inLanguage":"it-IT"},{"@type":"Person","@id":"https:\/\/lagodicomo.com\/it\/#\/schema\/person\/3154800156fe04ada1d63423959885ec","name":"Lago di Como","image":{"@type":"ImageObject","inLanguage":"it-IT","@id":"https:\/\/lagodicomo.com\/it\/#\/schema\/person\/image\/","url":"https:\/\/secure.gravatar.com\/avatar\/fb542172e0c0e38d77af3e1432ed5180?s=96&d=mm&r=g","contentUrl":"https:\/\/secure.gravatar.com\/avatar\/fb542172e0c0e38d77af3e1432ed5180?s=96&d=mm&r=g","caption":"Lago di Como"},"url":"https:\/\/lagodicomo.com\/it\/author\/claudiospada\/"}]}},"_links":{"self":[{"href":"https:\/\/lagodicomo.com\/it\/wp-json\/wp\/v2\/posts\/6468","targetHints":{"allow":["GET"]}}],"collection":[{"href":"https:\/\/lagodicomo.com\/it\/wp-json\/wp\/v2\/posts"}],"about":[{"href":"https:\/\/lagodicomo.com\/it\/wp-json\/wp\/v2\/types\/post"}],"author":[{"embeddable":true,"href":"https:\/\/lagodicomo.com\/it\/wp-json\/wp\/v2\/users\/1"}],"replies":[{"embeddable":true,"href":"https:\/\/lagodicomo.com\/it\/wp-json\/wp\/v2\/comments?post=6468"}],"version-history":[{"count":5,"href":"https:\/\/lagodicomo.com\/it\/wp-json\/wp\/v2\/posts\/6468\/revisions"}],"predecessor-version":[{"id":10020,"href":"https:\/\/lagodicomo.com\/it\/wp-json\/wp\/v2\/posts\/6468\/revisions\/10020"}],"wp:featuredmedia":[{"embeddable":true,"href":"https:\/\/lagodicomo.com\/it\/wp-json\/wp\/v2\/media\/6064"}],"wp:attachment":[{"href":"https:\/\/lagodicomo.com\/it\/wp-json\/wp\/v2\/media?parent=6468"}],"wp:term":[{"taxonomy":"category","embeddable":true,"href":"https:\/\/lagodicomo.com\/it\/wp-json\/wp\/v2\/categories?post=6468"},{"taxonomy":"post_tag","embeddable":true,"href":"https:\/\/lagodicomo.com\/it\/wp-json\/wp\/v2\/tags?post=6468"}],"curies":[{"name":"wp","href":"https:\/\/api.w.org\/{rel}","templated":true}]}}