{"id":9311,"date":"2020-03-12T23:32:08","date_gmt":"2020-03-12T22:32:08","guid":{"rendered":"https:\/\/lagodicomo.com\/it\/?p=9311"},"modified":"2020-03-12T23:36:44","modified_gmt":"2020-03-12T22:36:44","slug":"riflessioni-sul-coronavirus","status":"publish","type":"post","link":"https:\/\/lagodicomo.com\/it\/riflessioni-sul-coronavirus\/","title":{"rendered":"Riflessioni sul Coronavirus"},"content":{"rendered":"<h4>Riflessioni sul Coronavirus<\/h4>\n<p>In questo momento di difficolt\u00e0, dove tutti noi ci siamo fermati ed abbiamo modificato il nostro vivere, riflettiamo insieme su quello che sta accadendo e cerchiamo insieme di cogliere al meglio le opportunit\u00e0 che derivano da questa situazione.<br \/>\nGodiamoci la nostra famiglia, i nostri figli, parliamo al telefono con le nostre persone care, riflettiamo sul senso del tempo che passa, corriamo sempre tutto l&#8217;anno per lavoro \u2026 ora abbiamo la possibilit\u00e0 di capire che il tempo non ci viene restituito e che \u00e8 prezioso.<\/p>\n<p>Vogliamo condividere con voi le riflessioni della Psicologa Francesca Morelli, per farvi pensare a quello che sta succedendo e sperando che siano un buon punto di partenza per il futuro.<br \/>\nBuona lettura.<\/p>\n<h4>Francesca Morelli: ecco cosa ci sta spiegando il virus<\/h4>\n<p>\u201cCredo che il cosmo abbia il suo modo di riequilibrare le cose e le sue leggi, quando queste vengono stravolte.<br \/>\nIl momento che stiamo vivendo, pieno di anomalie e paradossi, fa pensare&#8230;<br \/>\nIn una fase in cui il cambiamento climatico causato dai disastri ambientali \u00e8 arrivato a livelli preoccupanti, la Cina in primis e tanti paesi a seguire, sono costretti al blocco; l&#8217;economia collassa, ma l&#8217;inquinamento scende in maniera considerevole. L&#8217;aria migliora; si usa la mascherina, ma si respira&#8230;<\/p>\n<p>In un momento storico in cui certe ideologie e politiche discriminatorie, con forti richiami ad un passato meschino, si stanno riattivando in tutto il mondo, arriva un virus che ci fa sperimentare che, in un attimo, possiamo diventare i discriminati, i segregati, quelli bloccati alla frontiera, quelli che portano le malattie. Anche se non ne abbiamo colpa. Anche se siamo bianchi, occidentali e viaggiamo in business class.<\/p>\n<p>In una societ\u00e0 fondata sulla produttivit\u00e0 e sul consumo, in cui tutti corriamo 14 ore al giorno dietro a non si sa bene cosa, senza sabati n\u00e8 domeniche, senza pi\u00f9 rossi del calendario, da un momento all&#8217;altro, arriva lo stop.<br \/>\nFermi, a casa, giorni e giorni. A fare i conti con un tempo di cui abbiamo perso il valore, se non \u00e8 misurabile in compenso, in denaro.<br \/>\nSappiamo ancora cosa farcene?<\/p>\n<p>In una fase in cui la crescita dei propri figli \u00e8, per forza di cose, delegata spesso a figure ed istituzioni altre, il virus chiude le scuole e costringe a trovare soluzioni alternative, a rimettere insieme mamme e pap\u00e0 con i propri bimbi. Ci costringe a rifare famiglia.<\/p>\n<p>In una dimensione in cui le relazioni, la comunicazione, la socialit\u00e0 sono giocate prevalentemente nel &#8220;non-spazio&#8221; del virtuale, del social network, dandoci l&#8217;illusione della vicinanza, il virus ci toglie quella vera di vicinanza, quella reale: che nessuno si tocchi, niente baci, niente abbracci, a distanza, nel freddo del non-contatto.<br \/>\nQuanto abbiamo dato per scontato questi gesti ed il loro significato?<\/p>\n<p>In una fase sociale in cui pensare al proprio orto \u00e8 diventata la regola, il virus ci manda un messaggio chiaro: l&#8217;unico modo per uscirne \u00e8 la reciprocit\u00e0, il senso di appartenenza, la comunita, il sentire di essere parte di qualcosa di pi\u00f9 grande di cui prendersi cura e che si pu\u00f2 prendere cura di noi. La responsabilit\u00e0 condivisa, il sentire che dalle tue azioni dipendono le sorti non solo tue, ma di tutti quelli che ti circondano. E che tu dipendi da loro.<\/p>\n<p>Allora, se smettiamo di fare la caccia alle streghe, di domandarci di chi \u00e8 la colpa o perch\u00e9 \u00e8 accaduto tutto questo, ma ci domandiamo cosa possiamo imparare da questo, credo che abbiamo tutti molto su cui riflettere ed impegnarci.<br \/>\nPerch\u00e8 col cosmo e le sue leggi, evidentemente, siamo in debito spinto.<br \/>\nCe lo sta spiegando il virus, a caro prezzo.&#8221;<\/p>\n<p>(Cit. Francesca MORELLI Psicologa)<\/p>\n","protected":false},"excerpt":{"rendered":"<p>Riflessioni sul Coronavirus In questo momento di difficolt\u00e0, dove tutti noi ci siamo fermati ed&#8230;<\/p>\n","protected":false},"author":1,"featured_media":9313,"comment_status":"open","ping_status":"open","sticky":false,"template":"","format":"standard","meta":{"_mo_disable_npp":"","footnotes":""},"categories":[137],"tags":[],"class_list":{"0":"post-9311","1":"post","2":"type-post","3":"status-publish","4":"format-standard","5":"has-post-thumbnail","7":"category-blognews"},"yoast_head":"<!-- This site is optimized with the Yoast SEO plugin v24.5 - https:\/\/yoast.com\/wordpress\/plugins\/seo\/ -->\n<title>Riflessioni sul Coronavirus - Lago di Como<\/title>\n<meta name=\"description\" content=\"Riflessioni sul Coronavirus. In questo momento di difficolt\u00e0, dove tutti noi ci siamo fermati ed abbiamo modificato il nostro vivere, riflettiamo\" \/>\n<meta name=\"robots\" content=\"index, follow, max-snippet:-1, max-image-preview:large, max-video-preview:-1\" \/>\n<link rel=\"canonical\" href=\"https:\/\/lagodicomo.com\/it\/riflessioni-sul-coronavirus\/\" \/>\n<meta property=\"og:locale\" content=\"it_IT\" \/>\n<meta property=\"og:type\" content=\"article\" \/>\n<meta property=\"og:title\" content=\"Riflessioni sul Coronavirus - Lago di Como\" \/>\n<meta property=\"og:description\" content=\"Riflessioni sul Coronavirus. In questo momento di difficolt\u00e0, dove tutti noi ci siamo fermati ed abbiamo modificato il nostro vivere, riflettiamo\" \/>\n<meta property=\"og:url\" content=\"https:\/\/lagodicomo.com\/it\/riflessioni-sul-coronavirus\/\" \/>\n<meta property=\"og:site_name\" content=\"Lago di Como\" \/>\n<meta property=\"article:published_time\" content=\"2020-03-12T22:32:08+00:00\" \/>\n<meta property=\"article:modified_time\" content=\"2020-03-12T22:36:44+00:00\" \/>\n<meta property=\"og:image\" content=\"https:\/\/lagodicomo.com\/it\/wp-content\/uploads\/2020\/03\/2020-02-05-11.19.26-5.jpeg\" \/>\n\t<meta property=\"og:image:width\" content=\"984\" \/>\n\t<meta property=\"og:image:height\" content=\"738\" \/>\n\t<meta property=\"og:image:type\" content=\"image\/jpeg\" \/>\n<meta name=\"author\" content=\"Lago di Como\" \/>\n<meta name=\"twitter:card\" content=\"summary_large_image\" \/>\n<meta name=\"twitter:label1\" content=\"Scritto da\" \/>\n\t<meta name=\"twitter:data1\" content=\"\" \/>\n\t<meta name=\"twitter:label2\" content=\"Tempo di lettura stimato\" \/>\n\t<meta name=\"twitter:data2\" content=\"3 minuti\" \/>\n<script type=\"application\/ld+json\" class=\"yoast-schema-graph\">{\"@context\":\"https:\/\/schema.org\",\"@graph\":[{\"@type\":\"WebPage\",\"@id\":\"https:\/\/lagodicomo.com\/it\/riflessioni-sul-coronavirus\/\",\"url\":\"https:\/\/lagodicomo.com\/it\/riflessioni-sul-coronavirus\/\",\"name\":\"Riflessioni sul Coronavirus - Lago di Como\",\"isPartOf\":{\"@id\":\"https:\/\/lagodicomo.com\/it\/#website\"},\"primaryImageOfPage\":{\"@id\":\"https:\/\/lagodicomo.com\/it\/riflessioni-sul-coronavirus\/#primaryimage\"},\"image\":{\"@id\":\"https:\/\/lagodicomo.com\/it\/riflessioni-sul-coronavirus\/#primaryimage\"},\"thumbnailUrl\":\"https:\/\/lagodicomo.com\/it\/wp-content\/uploads\/2020\/03\/2020-02-05-11.19.26-5.jpeg\",\"datePublished\":\"2020-03-12T22:32:08+00:00\",\"dateModified\":\"2020-03-12T22:36:44+00:00\",\"author\":{\"@id\":\"https:\/\/lagodicomo.com\/it\/#\/schema\/person\/3154800156fe04ada1d63423959885ec\"},\"description\":\"Riflessioni sul Coronavirus. In questo momento di difficolt\u00e0, dove tutti noi ci siamo fermati ed abbiamo modificato il nostro vivere, riflettiamo\",\"breadcrumb\":{\"@id\":\"https:\/\/lagodicomo.com\/it\/riflessioni-sul-coronavirus\/#breadcrumb\"},\"inLanguage\":\"it-IT\",\"potentialAction\":[{\"@type\":\"ReadAction\",\"target\":[\"https:\/\/lagodicomo.com\/it\/riflessioni-sul-coronavirus\/\"]}]},{\"@type\":\"ImageObject\",\"inLanguage\":\"it-IT\",\"@id\":\"https:\/\/lagodicomo.com\/it\/riflessioni-sul-coronavirus\/#primaryimage\",\"url\":\"https:\/\/lagodicomo.com\/it\/wp-content\/uploads\/2020\/03\/2020-02-05-11.19.26-5.jpeg\",\"contentUrl\":\"https:\/\/lagodicomo.com\/it\/wp-content\/uploads\/2020\/03\/2020-02-05-11.19.26-5.jpeg\",\"width\":984,\"height\":738},{\"@type\":\"BreadcrumbList\",\"@id\":\"https:\/\/lagodicomo.com\/it\/riflessioni-sul-coronavirus\/#breadcrumb\",\"itemListElement\":[{\"@type\":\"ListItem\",\"position\":1,\"name\":\"Home\",\"item\":\"https:\/\/lagodicomo.com\/it\/\"},{\"@type\":\"ListItem\",\"position\":2,\"name\":\"Riflessioni sul Coronavirus\"}]},{\"@type\":\"WebSite\",\"@id\":\"https:\/\/lagodicomo.com\/it\/#website\",\"url\":\"https:\/\/lagodicomo.com\/it\/\",\"name\":\"Lago di Como\",\"description\":\"lago di como il portale del lago\",\"potentialAction\":[{\"@type\":\"SearchAction\",\"target\":{\"@type\":\"EntryPoint\",\"urlTemplate\":\"https:\/\/lagodicomo.com\/it\/?s={search_term_string}\"},\"query-input\":{\"@type\":\"PropertyValueSpecification\",\"valueRequired\":true,\"valueName\":\"search_term_string\"}}],\"inLanguage\":\"it-IT\"},{\"@type\":\"Person\",\"@id\":\"https:\/\/lagodicomo.com\/it\/#\/schema\/person\/3154800156fe04ada1d63423959885ec\",\"name\":\"Lago di Como\",\"image\":{\"@type\":\"ImageObject\",\"inLanguage\":\"it-IT\",\"@id\":\"https:\/\/lagodicomo.com\/it\/#\/schema\/person\/image\/\",\"url\":\"https:\/\/secure.gravatar.com\/avatar\/fb542172e0c0e38d77af3e1432ed5180?s=96&d=mm&r=g\",\"contentUrl\":\"https:\/\/secure.gravatar.com\/avatar\/fb542172e0c0e38d77af3e1432ed5180?s=96&d=mm&r=g\",\"caption\":\"Lago di Como\"},\"url\":\"https:\/\/lagodicomo.com\/it\/author\/claudiospada\/\"}]}<\/script>\n<!-- \/ Yoast SEO plugin. -->","yoast_head_json":{"title":"Riflessioni sul Coronavirus - Lago di Como","description":"Riflessioni sul Coronavirus. In questo momento di difficolt\u00e0, dove tutti noi ci siamo fermati ed abbiamo modificato il nostro vivere, riflettiamo","robots":{"index":"index","follow":"follow","max-snippet":"max-snippet:-1","max-image-preview":"max-image-preview:large","max-video-preview":"max-video-preview:-1"},"canonical":"https:\/\/lagodicomo.com\/it\/riflessioni-sul-coronavirus\/","og_locale":"it_IT","og_type":"article","og_title":"Riflessioni sul Coronavirus - Lago di Como","og_description":"Riflessioni sul Coronavirus. In questo momento di difficolt\u00e0, dove tutti noi ci siamo fermati ed abbiamo modificato il nostro vivere, riflettiamo","og_url":"https:\/\/lagodicomo.com\/it\/riflessioni-sul-coronavirus\/","og_site_name":"Lago di Como","article_published_time":"2020-03-12T22:32:08+00:00","article_modified_time":"2020-03-12T22:36:44+00:00","og_image":[{"width":984,"height":738,"url":"https:\/\/lagodicomo.com\/it\/wp-content\/uploads\/2020\/03\/2020-02-05-11.19.26-5.jpeg","type":"image\/jpeg"}],"author":"Lago di Como","twitter_card":"summary_large_image","twitter_misc":{"Scritto da":false,"Tempo di lettura stimato":"3 minuti"},"schema":{"@context":"https:\/\/schema.org","@graph":[{"@type":"WebPage","@id":"https:\/\/lagodicomo.com\/it\/riflessioni-sul-coronavirus\/","url":"https:\/\/lagodicomo.com\/it\/riflessioni-sul-coronavirus\/","name":"Riflessioni sul Coronavirus - Lago di Como","isPartOf":{"@id":"https:\/\/lagodicomo.com\/it\/#website"},"primaryImageOfPage":{"@id":"https:\/\/lagodicomo.com\/it\/riflessioni-sul-coronavirus\/#primaryimage"},"image":{"@id":"https:\/\/lagodicomo.com\/it\/riflessioni-sul-coronavirus\/#primaryimage"},"thumbnailUrl":"https:\/\/lagodicomo.com\/it\/wp-content\/uploads\/2020\/03\/2020-02-05-11.19.26-5.jpeg","datePublished":"2020-03-12T22:32:08+00:00","dateModified":"2020-03-12T22:36:44+00:00","author":{"@id":"https:\/\/lagodicomo.com\/it\/#\/schema\/person\/3154800156fe04ada1d63423959885ec"},"description":"Riflessioni sul Coronavirus. In questo momento di difficolt\u00e0, dove tutti noi ci siamo fermati ed abbiamo modificato il nostro vivere, riflettiamo","breadcrumb":{"@id":"https:\/\/lagodicomo.com\/it\/riflessioni-sul-coronavirus\/#breadcrumb"},"inLanguage":"it-IT","potentialAction":[{"@type":"ReadAction","target":["https:\/\/lagodicomo.com\/it\/riflessioni-sul-coronavirus\/"]}]},{"@type":"ImageObject","inLanguage":"it-IT","@id":"https:\/\/lagodicomo.com\/it\/riflessioni-sul-coronavirus\/#primaryimage","url":"https:\/\/lagodicomo.com\/it\/wp-content\/uploads\/2020\/03\/2020-02-05-11.19.26-5.jpeg","contentUrl":"https:\/\/lagodicomo.com\/it\/wp-content\/uploads\/2020\/03\/2020-02-05-11.19.26-5.jpeg","width":984,"height":738},{"@type":"BreadcrumbList","@id":"https:\/\/lagodicomo.com\/it\/riflessioni-sul-coronavirus\/#breadcrumb","itemListElement":[{"@type":"ListItem","position":1,"name":"Home","item":"https:\/\/lagodicomo.com\/it\/"},{"@type":"ListItem","position":2,"name":"Riflessioni sul Coronavirus"}]},{"@type":"WebSite","@id":"https:\/\/lagodicomo.com\/it\/#website","url":"https:\/\/lagodicomo.com\/it\/","name":"Lago di Como","description":"lago di como il portale del lago","potentialAction":[{"@type":"SearchAction","target":{"@type":"EntryPoint","urlTemplate":"https:\/\/lagodicomo.com\/it\/?s={search_term_string}"},"query-input":{"@type":"PropertyValueSpecification","valueRequired":true,"valueName":"search_term_string"}}],"inLanguage":"it-IT"},{"@type":"Person","@id":"https:\/\/lagodicomo.com\/it\/#\/schema\/person\/3154800156fe04ada1d63423959885ec","name":"Lago di Como","image":{"@type":"ImageObject","inLanguage":"it-IT","@id":"https:\/\/lagodicomo.com\/it\/#\/schema\/person\/image\/","url":"https:\/\/secure.gravatar.com\/avatar\/fb542172e0c0e38d77af3e1432ed5180?s=96&d=mm&r=g","contentUrl":"https:\/\/secure.gravatar.com\/avatar\/fb542172e0c0e38d77af3e1432ed5180?s=96&d=mm&r=g","caption":"Lago di Como"},"url":"https:\/\/lagodicomo.com\/it\/author\/claudiospada\/"}]}},"_links":{"self":[{"href":"https:\/\/lagodicomo.com\/it\/wp-json\/wp\/v2\/posts\/9311","targetHints":{"allow":["GET"]}}],"collection":[{"href":"https:\/\/lagodicomo.com\/it\/wp-json\/wp\/v2\/posts"}],"about":[{"href":"https:\/\/lagodicomo.com\/it\/wp-json\/wp\/v2\/types\/post"}],"author":[{"embeddable":true,"href":"https:\/\/lagodicomo.com\/it\/wp-json\/wp\/v2\/users\/1"}],"replies":[{"embeddable":true,"href":"https:\/\/lagodicomo.com\/it\/wp-json\/wp\/v2\/comments?post=9311"}],"version-history":[{"count":3,"href":"https:\/\/lagodicomo.com\/it\/wp-json\/wp\/v2\/posts\/9311\/revisions"}],"predecessor-version":[{"id":9315,"href":"https:\/\/lagodicomo.com\/it\/wp-json\/wp\/v2\/posts\/9311\/revisions\/9315"}],"wp:featuredmedia":[{"embeddable":true,"href":"https:\/\/lagodicomo.com\/it\/wp-json\/wp\/v2\/media\/9313"}],"wp:attachment":[{"href":"https:\/\/lagodicomo.com\/it\/wp-json\/wp\/v2\/media?parent=9311"}],"wp:term":[{"taxonomy":"category","embeddable":true,"href":"https:\/\/lagodicomo.com\/it\/wp-json\/wp\/v2\/categories?post=9311"},{"taxonomy":"post_tag","embeddable":true,"href":"https:\/\/lagodicomo.com\/it\/wp-json\/wp\/v2\/tags?post=9311"}],"curies":[{"name":"wp","href":"https:\/\/api.w.org\/{rel}","templated":true}]}}