{"id":9330,"date":"2020-04-01T21:46:58","date_gmt":"2020-04-01T19:46:58","guid":{"rendered":"https:\/\/lagodicomo.com\/it\/?p=9330"},"modified":"2020-04-01T21:46:58","modified_gmt":"2020-04-01T19:46:58","slug":"world-lullaby-le-nostre-emozioni-ci-collegano-in-questo-pazzo-mondo-inside-covid-19","status":"publish","type":"post","link":"https:\/\/lagodicomo.com\/it\/world-lullaby-le-nostre-emozioni-ci-collegano-in-questo-pazzo-mondo-inside-covid-19\/","title":{"rendered":"World Lullaby &#8211; Le nostre emozioni ci collegano in questo pazzo mondo. Inside Covid-19"},"content":{"rendered":"<p><strong>World Lullaby &#8211; Le nostre emozioni ci collegano in questo pazzo mondo. Inside Covid-19<\/strong><\/p>\n<p><iframe loading=\"lazy\" width=\"560\" height=\"315\" src=\"https:\/\/www.youtube.com\/embed\/OUASDFby3TA\" frameborder=\"0\" allow=\"accelerometer; autoplay; encrypted-media; gyroscope; picture-in-picture\" allowfullscreen><\/iframe><\/p>\n<p>World Lullaby \u2026 una canzone composta da Mauro Colangelo, un musicista con 25 anni di esperienza che ha lavorato con grandi artisti tra l&#8217;Italia e l&#8217;America.<br \/>\nMauro lo abbiamo conosciuto anni fa quando viveva sul lago di Como in una casa molto particolare, vicino ad una cascata, nel primo bacino, questo immobile \u00e8 sempre stato, anche nel passato, abitato da artisti\u2026<\/p>\n<p>Mauro ha realizzato questa canzone che abbiamo condiviso nella versione con la cantante Concetta da Bostond.<br \/>\nI testi parlano della condivisione dell&#8217;amore anche se non si \u00e8 fisicamente vicini. Le nostre emozioni ci collegano in questo pazzo mondo!<\/p>\n<p>Il progetto per\u00f2 \u00e8 molto pi\u00f9 grande, Mauro chiede a musicisti e cantanti di scaricare la melodia e di creare la propria versione della canzone, potete gi\u00e0 ascoltarne alcune molto <a href=\"https:\/\/www.youtube.com\/channel\/UCfkOd2xR0BYt23z3wk4IKpg\" rel=\"noopener noreferrer\" target=\"_blank\">belle qui.<\/a><\/p>\n<p>Se desideri partecipare al Lullaby Project di Mauro Colangelo, puoi iniziare scaricando la versione strumentale della <a href=\"https:\/\/www.maurocolangelo.com\/the-lullaby-project\" rel=\"noopener noreferrer\" target=\"_blank\">canzone qui<\/a>. Quindi, canta la tua parte o suona il tuo strumento insieme al brano e registralo. Non dimenticare di dire il tuo nome e includere i tuoi contatti dei social media nel video.<br \/>\nInvia i tuoi file a: <a href=\"mailto:worldlullaby2020@gmail.com\" rel=\"noopener noreferrer\" target=\"_blank\">worldlullaby2020@gmail.com<\/a>.<\/p>\n","protected":false},"excerpt":{"rendered":"<p>World Lullaby &#8211; Le nostre emozioni ci collegano in questo pazzo mondo. Inside Covid-19 World&#8230;<\/p>\n","protected":false},"author":1,"featured_media":9332,"comment_status":"open","ping_status":"open","sticky":false,"template":"","format":"standard","meta":{"_mo_disable_npp":"","footnotes":""},"categories":[137],"tags":[],"class_list":{"0":"post-9330","1":"post","2":"type-post","3":"status-publish","4":"format-standard","5":"has-post-thumbnail","7":"category-blognews"},"yoast_head":"<!-- This site is optimized with the Yoast SEO plugin v24.5 - https:\/\/yoast.com\/wordpress\/plugins\/seo\/ -->\n<title>World Lullaby - Le nostre emozioni ci collegano. Inside Covid-19<\/title>\n<meta name=\"description\" content=\"World Lullaby - Le nostre emozioni ci collegano in questo pazzo mondo. Inside Covid-19. una canzone composta da Mauro Colangelo.\" \/>\n<meta name=\"robots\" content=\"index, follow, max-snippet:-1, max-image-preview:large, max-video-preview:-1\" \/>\n<link rel=\"canonical\" href=\"https:\/\/lagodicomo.com\/it\/world-lullaby-le-nostre-emozioni-ci-collegano-in-questo-pazzo-mondo-inside-covid-19\/\" \/>\n<meta property=\"og:locale\" content=\"it_IT\" \/>\n<meta property=\"og:type\" content=\"article\" \/>\n<meta property=\"og:title\" content=\"World Lullaby - Le nostre emozioni ci collegano. Inside Covid-19\" \/>\n<meta property=\"og:description\" content=\"World Lullaby - Le nostre emozioni ci collegano in questo pazzo mondo. Inside Covid-19. una canzone composta da Mauro Colangelo.\" \/>\n<meta property=\"og:url\" content=\"https:\/\/lagodicomo.com\/it\/world-lullaby-le-nostre-emozioni-ci-collegano-in-questo-pazzo-mondo-inside-covid-19\/\" \/>\n<meta property=\"og:site_name\" content=\"Lago di Como\" \/>\n<meta property=\"article:published_time\" content=\"2020-04-01T19:46:58+00:00\" \/>\n<meta property=\"og:image\" content=\"https:\/\/lagodicomo.com\/it\/wp-content\/uploads\/2020\/04\/mauro.jpg\" \/>\n\t<meta property=\"og:image:width\" content=\"849\" \/>\n\t<meta property=\"og:image:height\" content=\"412\" \/>\n\t<meta property=\"og:image:type\" content=\"image\/jpeg\" \/>\n<meta name=\"author\" content=\"Lago di Como\" \/>\n<meta name=\"twitter:card\" content=\"summary_large_image\" \/>\n<meta name=\"twitter:label1\" content=\"Scritto da\" \/>\n\t<meta name=\"twitter:data1\" content=\"\" \/>\n\t<meta name=\"twitter:label2\" content=\"Tempo di lettura stimato\" \/>\n\t<meta name=\"twitter:data2\" content=\"1 minuto\" \/>\n<script type=\"application\/ld+json\" class=\"yoast-schema-graph\">{\"@context\":\"https:\/\/schema.org\",\"@graph\":[{\"@type\":\"WebPage\",\"@id\":\"https:\/\/lagodicomo.com\/it\/world-lullaby-le-nostre-emozioni-ci-collegano-in-questo-pazzo-mondo-inside-covid-19\/\",\"url\":\"https:\/\/lagodicomo.com\/it\/world-lullaby-le-nostre-emozioni-ci-collegano-in-questo-pazzo-mondo-inside-covid-19\/\",\"name\":\"World Lullaby - Le nostre emozioni ci collegano. Inside Covid-19\",\"isPartOf\":{\"@id\":\"https:\/\/lagodicomo.com\/it\/#website\"},\"primaryImageOfPage\":{\"@id\":\"https:\/\/lagodicomo.com\/it\/world-lullaby-le-nostre-emozioni-ci-collegano-in-questo-pazzo-mondo-inside-covid-19\/#primaryimage\"},\"image\":{\"@id\":\"https:\/\/lagodicomo.com\/it\/world-lullaby-le-nostre-emozioni-ci-collegano-in-questo-pazzo-mondo-inside-covid-19\/#primaryimage\"},\"thumbnailUrl\":\"https:\/\/lagodicomo.com\/it\/wp-content\/uploads\/2020\/04\/mauro.jpg\",\"datePublished\":\"2020-04-01T19:46:58+00:00\",\"author\":{\"@id\":\"https:\/\/lagodicomo.com\/it\/#\/schema\/person\/3154800156fe04ada1d63423959885ec\"},\"description\":\"World Lullaby - Le nostre emozioni ci collegano in questo pazzo mondo. Inside Covid-19. una canzone composta da Mauro Colangelo.\",\"breadcrumb\":{\"@id\":\"https:\/\/lagodicomo.com\/it\/world-lullaby-le-nostre-emozioni-ci-collegano-in-questo-pazzo-mondo-inside-covid-19\/#breadcrumb\"},\"inLanguage\":\"it-IT\",\"potentialAction\":[{\"@type\":\"ReadAction\",\"target\":[\"https:\/\/lagodicomo.com\/it\/world-lullaby-le-nostre-emozioni-ci-collegano-in-questo-pazzo-mondo-inside-covid-19\/\"]}]},{\"@type\":\"ImageObject\",\"inLanguage\":\"it-IT\",\"@id\":\"https:\/\/lagodicomo.com\/it\/world-lullaby-le-nostre-emozioni-ci-collegano-in-questo-pazzo-mondo-inside-covid-19\/#primaryimage\",\"url\":\"https:\/\/lagodicomo.com\/it\/wp-content\/uploads\/2020\/04\/mauro.jpg\",\"contentUrl\":\"https:\/\/lagodicomo.com\/it\/wp-content\/uploads\/2020\/04\/mauro.jpg\",\"width\":849,\"height\":412},{\"@type\":\"BreadcrumbList\",\"@id\":\"https:\/\/lagodicomo.com\/it\/world-lullaby-le-nostre-emozioni-ci-collegano-in-questo-pazzo-mondo-inside-covid-19\/#breadcrumb\",\"itemListElement\":[{\"@type\":\"ListItem\",\"position\":1,\"name\":\"Home\",\"item\":\"https:\/\/lagodicomo.com\/it\/\"},{\"@type\":\"ListItem\",\"position\":2,\"name\":\"World Lullaby &#8211; Le nostre emozioni ci collegano in questo pazzo mondo. Inside Covid-19\"}]},{\"@type\":\"WebSite\",\"@id\":\"https:\/\/lagodicomo.com\/it\/#website\",\"url\":\"https:\/\/lagodicomo.com\/it\/\",\"name\":\"Lago di Como\",\"description\":\"lago di como il portale del lago\",\"potentialAction\":[{\"@type\":\"SearchAction\",\"target\":{\"@type\":\"EntryPoint\",\"urlTemplate\":\"https:\/\/lagodicomo.com\/it\/?s={search_term_string}\"},\"query-input\":{\"@type\":\"PropertyValueSpecification\",\"valueRequired\":true,\"valueName\":\"search_term_string\"}}],\"inLanguage\":\"it-IT\"},{\"@type\":\"Person\",\"@id\":\"https:\/\/lagodicomo.com\/it\/#\/schema\/person\/3154800156fe04ada1d63423959885ec\",\"name\":\"Lago di Como\",\"image\":{\"@type\":\"ImageObject\",\"inLanguage\":\"it-IT\",\"@id\":\"https:\/\/lagodicomo.com\/it\/#\/schema\/person\/image\/\",\"url\":\"https:\/\/secure.gravatar.com\/avatar\/fb542172e0c0e38d77af3e1432ed5180?s=96&d=mm&r=g\",\"contentUrl\":\"https:\/\/secure.gravatar.com\/avatar\/fb542172e0c0e38d77af3e1432ed5180?s=96&d=mm&r=g\",\"caption\":\"Lago di Como\"},\"url\":\"https:\/\/lagodicomo.com\/it\/author\/claudiospada\/\"}]}<\/script>\n<!-- \/ Yoast SEO plugin. -->","yoast_head_json":{"title":"World Lullaby - Le nostre emozioni ci collegano. Inside Covid-19","description":"World Lullaby - Le nostre emozioni ci collegano in questo pazzo mondo. Inside Covid-19. una canzone composta da Mauro Colangelo.","robots":{"index":"index","follow":"follow","max-snippet":"max-snippet:-1","max-image-preview":"max-image-preview:large","max-video-preview":"max-video-preview:-1"},"canonical":"https:\/\/lagodicomo.com\/it\/world-lullaby-le-nostre-emozioni-ci-collegano-in-questo-pazzo-mondo-inside-covid-19\/","og_locale":"it_IT","og_type":"article","og_title":"World Lullaby - Le nostre emozioni ci collegano. Inside Covid-19","og_description":"World Lullaby - Le nostre emozioni ci collegano in questo pazzo mondo. Inside Covid-19. una canzone composta da Mauro Colangelo.","og_url":"https:\/\/lagodicomo.com\/it\/world-lullaby-le-nostre-emozioni-ci-collegano-in-questo-pazzo-mondo-inside-covid-19\/","og_site_name":"Lago di Como","article_published_time":"2020-04-01T19:46:58+00:00","og_image":[{"width":849,"height":412,"url":"https:\/\/lagodicomo.com\/it\/wp-content\/uploads\/2020\/04\/mauro.jpg","type":"image\/jpeg"}],"author":"Lago di Como","twitter_card":"summary_large_image","twitter_misc":{"Scritto da":false,"Tempo di lettura stimato":"1 minuto"},"schema":{"@context":"https:\/\/schema.org","@graph":[{"@type":"WebPage","@id":"https:\/\/lagodicomo.com\/it\/world-lullaby-le-nostre-emozioni-ci-collegano-in-questo-pazzo-mondo-inside-covid-19\/","url":"https:\/\/lagodicomo.com\/it\/world-lullaby-le-nostre-emozioni-ci-collegano-in-questo-pazzo-mondo-inside-covid-19\/","name":"World Lullaby - Le nostre emozioni ci collegano. Inside Covid-19","isPartOf":{"@id":"https:\/\/lagodicomo.com\/it\/#website"},"primaryImageOfPage":{"@id":"https:\/\/lagodicomo.com\/it\/world-lullaby-le-nostre-emozioni-ci-collegano-in-questo-pazzo-mondo-inside-covid-19\/#primaryimage"},"image":{"@id":"https:\/\/lagodicomo.com\/it\/world-lullaby-le-nostre-emozioni-ci-collegano-in-questo-pazzo-mondo-inside-covid-19\/#primaryimage"},"thumbnailUrl":"https:\/\/lagodicomo.com\/it\/wp-content\/uploads\/2020\/04\/mauro.jpg","datePublished":"2020-04-01T19:46:58+00:00","author":{"@id":"https:\/\/lagodicomo.com\/it\/#\/schema\/person\/3154800156fe04ada1d63423959885ec"},"description":"World Lullaby - Le nostre emozioni ci collegano in questo pazzo mondo. Inside Covid-19. una canzone composta da Mauro Colangelo.","breadcrumb":{"@id":"https:\/\/lagodicomo.com\/it\/world-lullaby-le-nostre-emozioni-ci-collegano-in-questo-pazzo-mondo-inside-covid-19\/#breadcrumb"},"inLanguage":"it-IT","potentialAction":[{"@type":"ReadAction","target":["https:\/\/lagodicomo.com\/it\/world-lullaby-le-nostre-emozioni-ci-collegano-in-questo-pazzo-mondo-inside-covid-19\/"]}]},{"@type":"ImageObject","inLanguage":"it-IT","@id":"https:\/\/lagodicomo.com\/it\/world-lullaby-le-nostre-emozioni-ci-collegano-in-questo-pazzo-mondo-inside-covid-19\/#primaryimage","url":"https:\/\/lagodicomo.com\/it\/wp-content\/uploads\/2020\/04\/mauro.jpg","contentUrl":"https:\/\/lagodicomo.com\/it\/wp-content\/uploads\/2020\/04\/mauro.jpg","width":849,"height":412},{"@type":"BreadcrumbList","@id":"https:\/\/lagodicomo.com\/it\/world-lullaby-le-nostre-emozioni-ci-collegano-in-questo-pazzo-mondo-inside-covid-19\/#breadcrumb","itemListElement":[{"@type":"ListItem","position":1,"name":"Home","item":"https:\/\/lagodicomo.com\/it\/"},{"@type":"ListItem","position":2,"name":"World Lullaby &#8211; Le nostre emozioni ci collegano in questo pazzo mondo. Inside Covid-19"}]},{"@type":"WebSite","@id":"https:\/\/lagodicomo.com\/it\/#website","url":"https:\/\/lagodicomo.com\/it\/","name":"Lago di Como","description":"lago di como il portale del lago","potentialAction":[{"@type":"SearchAction","target":{"@type":"EntryPoint","urlTemplate":"https:\/\/lagodicomo.com\/it\/?s={search_term_string}"},"query-input":{"@type":"PropertyValueSpecification","valueRequired":true,"valueName":"search_term_string"}}],"inLanguage":"it-IT"},{"@type":"Person","@id":"https:\/\/lagodicomo.com\/it\/#\/schema\/person\/3154800156fe04ada1d63423959885ec","name":"Lago di Como","image":{"@type":"ImageObject","inLanguage":"it-IT","@id":"https:\/\/lagodicomo.com\/it\/#\/schema\/person\/image\/","url":"https:\/\/secure.gravatar.com\/avatar\/fb542172e0c0e38d77af3e1432ed5180?s=96&d=mm&r=g","contentUrl":"https:\/\/secure.gravatar.com\/avatar\/fb542172e0c0e38d77af3e1432ed5180?s=96&d=mm&r=g","caption":"Lago di Como"},"url":"https:\/\/lagodicomo.com\/it\/author\/claudiospada\/"}]}},"_links":{"self":[{"href":"https:\/\/lagodicomo.com\/it\/wp-json\/wp\/v2\/posts\/9330","targetHints":{"allow":["GET"]}}],"collection":[{"href":"https:\/\/lagodicomo.com\/it\/wp-json\/wp\/v2\/posts"}],"about":[{"href":"https:\/\/lagodicomo.com\/it\/wp-json\/wp\/v2\/types\/post"}],"author":[{"embeddable":true,"href":"https:\/\/lagodicomo.com\/it\/wp-json\/wp\/v2\/users\/1"}],"replies":[{"embeddable":true,"href":"https:\/\/lagodicomo.com\/it\/wp-json\/wp\/v2\/comments?post=9330"}],"version-history":[{"count":1,"href":"https:\/\/lagodicomo.com\/it\/wp-json\/wp\/v2\/posts\/9330\/revisions"}],"predecessor-version":[{"id":9333,"href":"https:\/\/lagodicomo.com\/it\/wp-json\/wp\/v2\/posts\/9330\/revisions\/9333"}],"wp:featuredmedia":[{"embeddable":true,"href":"https:\/\/lagodicomo.com\/it\/wp-json\/wp\/v2\/media\/9332"}],"wp:attachment":[{"href":"https:\/\/lagodicomo.com\/it\/wp-json\/wp\/v2\/media?parent=9330"}],"wp:term":[{"taxonomy":"category","embeddable":true,"href":"https:\/\/lagodicomo.com\/it\/wp-json\/wp\/v2\/categories?post=9330"},{"taxonomy":"post_tag","embeddable":true,"href":"https:\/\/lagodicomo.com\/it\/wp-json\/wp\/v2\/tags?post=9330"}],"curies":[{"name":"wp","href":"https:\/\/api.w.org\/{rel}","templated":true}]}}