{"id":9740,"date":"2020-09-26T11:49:15","date_gmt":"2020-09-26T09:49:15","guid":{"rendered":"https:\/\/lagodicomo.com\/it\/?p=9740"},"modified":"2020-09-26T11:49:15","modified_gmt":"2020-09-26T09:49:15","slug":"il-castello-delle-tre-regine-mello-costiera-di-cech","status":"publish","type":"post","link":"https:\/\/lagodicomo.com\/it\/il-castello-delle-tre-regine-mello-costiera-di-cech\/","title":{"rendered":"Il Castello Delle Tre Regine &#8211; Mello &#8211; Costiera di Cech"},"content":{"rendered":"[vc_row type=&#8221;in_container&#8221; full_screen_row_position=&#8221;middle&#8221; column_margin=&#8221;default&#8221; scene_position=&#8221;center&#8221; text_color=&#8221;dark&#8221; text_align=&#8221;left&#8221; overlay_strength=&#8221;0.3&#8243; shape_divider_position=&#8221;bottom&#8221; bg_image_animation=&#8221;none&#8221;][vc_column column_padding=&#8221;no-extra-padding&#8221; column_padding_position=&#8221;all&#8221; background_color_opacity=&#8221;1&#8243; background_hover_color_opacity=&#8221;1&#8243; column_link_target=&#8221;_self&#8221; column_shadow=&#8221;none&#8221; column_border_radius=&#8221;none&#8221; width=&#8221;1\/1&#8243; tablet_width_inherit=&#8221;default&#8221; tablet_text_alignment=&#8221;default&#8221; phone_text_alignment=&#8221;default&#8221; overlay_strength=&#8221;0.3&#8243; column_border_width=&#8221;none&#8221; column_border_style=&#8221;solid&#8221; bg_image_animation=&#8221;none&#8221;][vc_column_text]<strong>Il Castello Delle Tre Regine &#8211; Mello &#8211; Costiera di Cech<\/strong><\/p>\n<h4><strong>IL CASTELLO DELLE TRE REGINE<\/strong><\/h4>\n<p><strong>Un misterioso castello dalle mura di granito<\/strong> si erge lungo la cosiddetta <strong>Costiera di Cech in Valtellina<\/strong>:<\/p>\n<p>il suo nome, Domofole o anche Demofole, sembra significasse \u201cDomatore di folle\u201d oppure \u201cAmante del popolo\u201d (dal greco demophilos), in riferimento alla sua funzione difensiva. La fondazione si fa risalire ai Longobardi, ma il primo documento che ne attesta l&#8217;esistenza \u00e8 datato 1023.<\/p>\n<p>Si racconta che <strong>il fantasma<\/strong> di una donna vestita di bianco si aggiri la notte nei sotterranei e che a volte la si veda anche all&#8217;esterno: chi mai sar\u00e0?<\/p>\n<p>Qualcuno dice: la regina longobarda Teodolinda, in pena per non essere riuscita a convertire al Cristianesimo le popolazioni locali, dette poi \u201cCech\u201d e cio\u00e8 cieche alla vera fede.<\/p>\n<p>Altri parlano della figlia di Teodolinda, Gundeberga, sposa del re Arioaldo: un innamorato respinto l&#8217;accus\u00f2 falsamente di adulterio col duca di Toscana e cospirazione contro il re suo marito, e solo dopo tre anni di prigionia in questo castello fu appurata la sua innocenza.<\/p>\n<p>Altri ancora identificano invece a Domofole (ma la storia parla del castello di Lierna e della Rocca del Garda) il luogo della prigionia della regina Adelaide di Borgogna, vedova di Lotario II, che Berengario d&#8217;Ivrea voleva costringere a sposare il proprio figlio Adalberto; fuggita, spos\u00f2 poi l&#8217;imperatore Ottone I e divenne imperatrice del Sacro Romano Impero; mor\u00ec nel dicembre dell&#8217;anno 999 in un monastero in Alsazia ed \u00e8 venerata come santa dalla Chiesa cattolica!<\/p>\n<p>Fin qui la leggenda.<strong> La storia<\/strong> dice invece che la fortificazione nel XII secolo apparteneva alla potente famiglia comasca dei Vicedomini, e l&#8217;anonimo autore del poema \u201cLiber Cumanus\u201d racconta della moglie di Giordano Vicedomini, Madonna Gallizia, che nel bel mezzo della Guerra Decennale tra Como e Milano and\u00f2 a visitare marito e figli con due snelle imbarcazioni che da Como percorsero tutto il lago e approdarono a Olonio nell&#8221;alveo del fiume Adda (anno 1125).<\/p>\n<p>Il castello fu poi distrutto nel 1292 dai Rusconi, ghibellini, poich\u00e9 i Vicedomini appoggiavano l&#8217;altra grande famiglia comasca, i guelfi Vittani;<\/p>\n<p>fu ricostruito e ampliato, e un&#8217;altra infelice fanciulla, Giovannina Vicedomini, vi fu tenuta prigioniera da uno zio. Infine fu demolito una seconda volta nel 1524 dalle Leghe Grigie perch\u00e9 non servisse da base per future ribellioni al loro dominio.<\/p>\n<p>Restaurato dalle amministrazioni locali (nella foto i lavori in corso nel 2007), conserva ora la torre, parte delle mura, la cappella di S. Maria Maddalena, alcuni edifici probabilmente del &#8216;500 come i ruderi dell&#8217;altra chiesa dedicata a S. Caterina.<\/p>\n<p>Si raggiunge da Morbegno lasciando la Strada Statale Valeriana presso Traona per salire a Mello: in localit\u00e0 Castello una stradina tra i boschi conduce a un parcheggio e da l\u00ec si prosegue a piedi fino a quota 540 metri.<\/p>\n<p>Anche il paese di Mello merita una passeggiata, per le splendide chiese e le rustiche case affrescate; la Valle omonima fu teatro di cruenti scontri tra partigiani e fascisti durante la Seconda Guerra Mondiale.<\/p>\n<p>Foto: <a href=\"https:\/\/lagodicomo.com\/it\/guida-turistica-scrittrice-interprete-danza-merletto-e-ricamo\/\" target=\"_blank\" rel=\"noopener noreferrer\">Gigliola Foglia<\/a> 2007[\/vc_column_text][\/vc_column][\/vc_row][vc_row type=&#8221;in_container&#8221; full_screen_row_position=&#8221;middle&#8221; column_margin=&#8221;default&#8221; scene_position=&#8221;center&#8221; text_color=&#8221;dark&#8221; text_align=&#8221;left&#8221; overlay_strength=&#8221;0.3&#8243; shape_divider_position=&#8221;bottom&#8221; bg_image_animation=&#8221;none&#8221;][vc_column column_padding=&#8221;no-extra-padding&#8221; column_padding_position=&#8221;all&#8221; background_color_opacity=&#8221;1&#8243; background_hover_color_opacity=&#8221;1&#8243; column_link_target=&#8221;_self&#8221; column_shadow=&#8221;none&#8221; column_border_radius=&#8221;none&#8221; width=&#8221;1\/1&#8243; tablet_width_inherit=&#8221;default&#8221; tablet_text_alignment=&#8221;default&#8221; phone_text_alignment=&#8221;default&#8221; overlay_strength=&#8221;0.3&#8243; column_border_width=&#8221;none&#8221; column_border_style=&#8221;solid&#8221; bg_image_animation=&#8221;none&#8221;][vc_gallery type=&#8221;image_grid&#8221; images=&#8221;9741,9742,9743&#8243; layout=&#8221;3&#8243; item_spacing=&#8221;default&#8221; gallery_style=&#8221;7&#8243; load_in_animation=&#8221;none&#8221;][\/vc_column][\/vc_row]\n","protected":false},"excerpt":{"rendered":"<p>[vc_row type=&#8221;in_container&#8221; full_screen_row_position=&#8221;middle&#8221; column_margin=&#8221;default&#8221; scene_position=&#8221;center&#8221; text_color=&#8221;dark&#8221; text_align=&#8221;left&#8221; overlay_strength=&#8221;0.3&#8243; shape_divider_position=&#8221;bottom&#8221; bg_image_animation=&#8221;none&#8221;][vc_column column_padding=&#8221;no-extra-padding&#8221; column_padding_position=&#8221;all&#8221; background_color_opacity=&#8221;1&#8243; background_hover_color_opacity=&#8221;1&#8243; column_link_target=&#8221;_self&#8221;&#8230;<\/p>\n","protected":false},"author":1,"featured_media":9741,"comment_status":"open","ping_status":"open","sticky":false,"template":"","format":"standard","meta":{"_mo_disable_npp":"","footnotes":""},"categories":[137,86,123,198],"tags":[],"class_list":{"0":"post-9740","1":"post","2":"type-post","3":"status-publish","4":"format-standard","5":"has-post-thumbnail","7":"category-blognews","8":"category-cultura","9":"category-storia","10":"category-valtellina"},"yoast_head":"<!-- This site is optimized with the Yoast SEO plugin v24.5 - https:\/\/yoast.com\/wordpress\/plugins\/seo\/ -->\n<title>Il Castello Delle Tre Regine - Mello - Costiera di Cech - Lago di Como<\/title>\n<meta name=\"description\" content=\"Il Castello Delle Tre Regine - Mello - Costiera di Cech.Un misterioso castello dove il fantasma di una donna vestita di bianco si aggira...\" \/>\n<meta name=\"robots\" content=\"index, follow, max-snippet:-1, max-image-preview:large, max-video-preview:-1\" \/>\n<link rel=\"canonical\" href=\"https:\/\/lagodicomo.com\/it\/il-castello-delle-tre-regine-mello-costiera-di-cech\/\" \/>\n<meta property=\"og:locale\" content=\"it_IT\" \/>\n<meta property=\"og:type\" content=\"article\" \/>\n<meta property=\"og:title\" content=\"Il Castello Delle Tre Regine - Mello - Costiera di Cech - Lago di Como\" \/>\n<meta property=\"og:description\" content=\"Il Castello Delle Tre Regine - Mello - Costiera di Cech.Un misterioso castello dove il fantasma di una donna vestita di bianco si aggira...\" \/>\n<meta property=\"og:url\" content=\"https:\/\/lagodicomo.com\/it\/il-castello-delle-tre-regine-mello-costiera-di-cech\/\" \/>\n<meta property=\"og:site_name\" content=\"Lago di Como\" \/>\n<meta property=\"article:published_time\" content=\"2020-09-26T09:49:15+00:00\" \/>\n<meta property=\"og:image\" content=\"https:\/\/lagodicomo.com\/it\/wp-content\/uploads\/2020\/09\/254-Domofole-30.07.2007.jpg\" \/>\n\t<meta property=\"og:image:width\" content=\"2304\" \/>\n\t<meta property=\"og:image:height\" content=\"1728\" \/>\n\t<meta property=\"og:image:type\" content=\"image\/jpeg\" \/>\n<meta name=\"author\" content=\"Lago di Como\" \/>\n<meta name=\"twitter:card\" content=\"summary_large_image\" \/>\n<meta name=\"twitter:label1\" content=\"Scritto da\" \/>\n\t<meta name=\"twitter:data1\" content=\"\" \/>\n\t<meta name=\"twitter:label2\" content=\"Tempo di lettura stimato\" \/>\n\t<meta name=\"twitter:data2\" content=\"3 minuti\" \/>\n<script type=\"application\/ld+json\" class=\"yoast-schema-graph\">{\"@context\":\"https:\/\/schema.org\",\"@graph\":[{\"@type\":\"WebPage\",\"@id\":\"https:\/\/lagodicomo.com\/it\/il-castello-delle-tre-regine-mello-costiera-di-cech\/\",\"url\":\"https:\/\/lagodicomo.com\/it\/il-castello-delle-tre-regine-mello-costiera-di-cech\/\",\"name\":\"Il Castello Delle Tre Regine - Mello - Costiera di Cech - Lago di Como\",\"isPartOf\":{\"@id\":\"https:\/\/lagodicomo.com\/it\/#website\"},\"primaryImageOfPage\":{\"@id\":\"https:\/\/lagodicomo.com\/it\/il-castello-delle-tre-regine-mello-costiera-di-cech\/#primaryimage\"},\"image\":{\"@id\":\"https:\/\/lagodicomo.com\/it\/il-castello-delle-tre-regine-mello-costiera-di-cech\/#primaryimage\"},\"thumbnailUrl\":\"https:\/\/lagodicomo.com\/it\/wp-content\/uploads\/2020\/09\/254-Domofole-30.07.2007.jpg\",\"datePublished\":\"2020-09-26T09:49:15+00:00\",\"author\":{\"@id\":\"https:\/\/lagodicomo.com\/it\/#\/schema\/person\/3154800156fe04ada1d63423959885ec\"},\"description\":\"Il Castello Delle Tre Regine - Mello - Costiera di Cech.Un misterioso castello dove il fantasma di una donna vestita di bianco si aggira...\",\"breadcrumb\":{\"@id\":\"https:\/\/lagodicomo.com\/it\/il-castello-delle-tre-regine-mello-costiera-di-cech\/#breadcrumb\"},\"inLanguage\":\"it-IT\",\"potentialAction\":[{\"@type\":\"ReadAction\",\"target\":[\"https:\/\/lagodicomo.com\/it\/il-castello-delle-tre-regine-mello-costiera-di-cech\/\"]}]},{\"@type\":\"ImageObject\",\"inLanguage\":\"it-IT\",\"@id\":\"https:\/\/lagodicomo.com\/it\/il-castello-delle-tre-regine-mello-costiera-di-cech\/#primaryimage\",\"url\":\"https:\/\/lagodicomo.com\/it\/wp-content\/uploads\/2020\/09\/254-Domofole-30.07.2007.jpg\",\"contentUrl\":\"https:\/\/lagodicomo.com\/it\/wp-content\/uploads\/2020\/09\/254-Domofole-30.07.2007.jpg\",\"width\":2304,\"height\":1728},{\"@type\":\"BreadcrumbList\",\"@id\":\"https:\/\/lagodicomo.com\/it\/il-castello-delle-tre-regine-mello-costiera-di-cech\/#breadcrumb\",\"itemListElement\":[{\"@type\":\"ListItem\",\"position\":1,\"name\":\"Home\",\"item\":\"https:\/\/lagodicomo.com\/it\/\"},{\"@type\":\"ListItem\",\"position\":2,\"name\":\"Il Castello Delle Tre Regine &#8211; Mello &#8211; Costiera di Cech\"}]},{\"@type\":\"WebSite\",\"@id\":\"https:\/\/lagodicomo.com\/it\/#website\",\"url\":\"https:\/\/lagodicomo.com\/it\/\",\"name\":\"Lago di Como\",\"description\":\"lago di como il portale del lago\",\"potentialAction\":[{\"@type\":\"SearchAction\",\"target\":{\"@type\":\"EntryPoint\",\"urlTemplate\":\"https:\/\/lagodicomo.com\/it\/?s={search_term_string}\"},\"query-input\":{\"@type\":\"PropertyValueSpecification\",\"valueRequired\":true,\"valueName\":\"search_term_string\"}}],\"inLanguage\":\"it-IT\"},{\"@type\":\"Person\",\"@id\":\"https:\/\/lagodicomo.com\/it\/#\/schema\/person\/3154800156fe04ada1d63423959885ec\",\"name\":\"Lago di Como\",\"image\":{\"@type\":\"ImageObject\",\"inLanguage\":\"it-IT\",\"@id\":\"https:\/\/lagodicomo.com\/it\/#\/schema\/person\/image\/\",\"url\":\"https:\/\/secure.gravatar.com\/avatar\/fb542172e0c0e38d77af3e1432ed5180?s=96&d=mm&r=g\",\"contentUrl\":\"https:\/\/secure.gravatar.com\/avatar\/fb542172e0c0e38d77af3e1432ed5180?s=96&d=mm&r=g\",\"caption\":\"Lago di Como\"},\"url\":\"https:\/\/lagodicomo.com\/it\/author\/claudiospada\/\"}]}<\/script>\n<!-- \/ Yoast SEO plugin. -->","yoast_head_json":{"title":"Il Castello Delle Tre Regine - Mello - Costiera di Cech - Lago di Como","description":"Il Castello Delle Tre Regine - Mello - Costiera di Cech.Un misterioso castello dove il fantasma di una donna vestita di bianco si aggira...","robots":{"index":"index","follow":"follow","max-snippet":"max-snippet:-1","max-image-preview":"max-image-preview:large","max-video-preview":"max-video-preview:-1"},"canonical":"https:\/\/lagodicomo.com\/it\/il-castello-delle-tre-regine-mello-costiera-di-cech\/","og_locale":"it_IT","og_type":"article","og_title":"Il Castello Delle Tre Regine - Mello - Costiera di Cech - Lago di Como","og_description":"Il Castello Delle Tre Regine - Mello - Costiera di Cech.Un misterioso castello dove il fantasma di una donna vestita di bianco si aggira...","og_url":"https:\/\/lagodicomo.com\/it\/il-castello-delle-tre-regine-mello-costiera-di-cech\/","og_site_name":"Lago di Como","article_published_time":"2020-09-26T09:49:15+00:00","og_image":[{"width":2304,"height":1728,"url":"https:\/\/lagodicomo.com\/it\/wp-content\/uploads\/2020\/09\/254-Domofole-30.07.2007.jpg","type":"image\/jpeg"}],"author":"Lago di Como","twitter_card":"summary_large_image","twitter_misc":{"Scritto da":false,"Tempo di lettura stimato":"3 minuti"},"schema":{"@context":"https:\/\/schema.org","@graph":[{"@type":"WebPage","@id":"https:\/\/lagodicomo.com\/it\/il-castello-delle-tre-regine-mello-costiera-di-cech\/","url":"https:\/\/lagodicomo.com\/it\/il-castello-delle-tre-regine-mello-costiera-di-cech\/","name":"Il Castello Delle Tre Regine - Mello - Costiera di Cech - Lago di Como","isPartOf":{"@id":"https:\/\/lagodicomo.com\/it\/#website"},"primaryImageOfPage":{"@id":"https:\/\/lagodicomo.com\/it\/il-castello-delle-tre-regine-mello-costiera-di-cech\/#primaryimage"},"image":{"@id":"https:\/\/lagodicomo.com\/it\/il-castello-delle-tre-regine-mello-costiera-di-cech\/#primaryimage"},"thumbnailUrl":"https:\/\/lagodicomo.com\/it\/wp-content\/uploads\/2020\/09\/254-Domofole-30.07.2007.jpg","datePublished":"2020-09-26T09:49:15+00:00","author":{"@id":"https:\/\/lagodicomo.com\/it\/#\/schema\/person\/3154800156fe04ada1d63423959885ec"},"description":"Il Castello Delle Tre Regine - Mello - Costiera di Cech.Un misterioso castello dove il fantasma di una donna vestita di bianco si aggira...","breadcrumb":{"@id":"https:\/\/lagodicomo.com\/it\/il-castello-delle-tre-regine-mello-costiera-di-cech\/#breadcrumb"},"inLanguage":"it-IT","potentialAction":[{"@type":"ReadAction","target":["https:\/\/lagodicomo.com\/it\/il-castello-delle-tre-regine-mello-costiera-di-cech\/"]}]},{"@type":"ImageObject","inLanguage":"it-IT","@id":"https:\/\/lagodicomo.com\/it\/il-castello-delle-tre-regine-mello-costiera-di-cech\/#primaryimage","url":"https:\/\/lagodicomo.com\/it\/wp-content\/uploads\/2020\/09\/254-Domofole-30.07.2007.jpg","contentUrl":"https:\/\/lagodicomo.com\/it\/wp-content\/uploads\/2020\/09\/254-Domofole-30.07.2007.jpg","width":2304,"height":1728},{"@type":"BreadcrumbList","@id":"https:\/\/lagodicomo.com\/it\/il-castello-delle-tre-regine-mello-costiera-di-cech\/#breadcrumb","itemListElement":[{"@type":"ListItem","position":1,"name":"Home","item":"https:\/\/lagodicomo.com\/it\/"},{"@type":"ListItem","position":2,"name":"Il Castello Delle Tre Regine &#8211; Mello &#8211; Costiera di Cech"}]},{"@type":"WebSite","@id":"https:\/\/lagodicomo.com\/it\/#website","url":"https:\/\/lagodicomo.com\/it\/","name":"Lago di Como","description":"lago di como il portale del lago","potentialAction":[{"@type":"SearchAction","target":{"@type":"EntryPoint","urlTemplate":"https:\/\/lagodicomo.com\/it\/?s={search_term_string}"},"query-input":{"@type":"PropertyValueSpecification","valueRequired":true,"valueName":"search_term_string"}}],"inLanguage":"it-IT"},{"@type":"Person","@id":"https:\/\/lagodicomo.com\/it\/#\/schema\/person\/3154800156fe04ada1d63423959885ec","name":"Lago di Como","image":{"@type":"ImageObject","inLanguage":"it-IT","@id":"https:\/\/lagodicomo.com\/it\/#\/schema\/person\/image\/","url":"https:\/\/secure.gravatar.com\/avatar\/fb542172e0c0e38d77af3e1432ed5180?s=96&d=mm&r=g","contentUrl":"https:\/\/secure.gravatar.com\/avatar\/fb542172e0c0e38d77af3e1432ed5180?s=96&d=mm&r=g","caption":"Lago di Como"},"url":"https:\/\/lagodicomo.com\/it\/author\/claudiospada\/"}]}},"_links":{"self":[{"href":"https:\/\/lagodicomo.com\/it\/wp-json\/wp\/v2\/posts\/9740","targetHints":{"allow":["GET"]}}],"collection":[{"href":"https:\/\/lagodicomo.com\/it\/wp-json\/wp\/v2\/posts"}],"about":[{"href":"https:\/\/lagodicomo.com\/it\/wp-json\/wp\/v2\/types\/post"}],"author":[{"embeddable":true,"href":"https:\/\/lagodicomo.com\/it\/wp-json\/wp\/v2\/users\/1"}],"replies":[{"embeddable":true,"href":"https:\/\/lagodicomo.com\/it\/wp-json\/wp\/v2\/comments?post=9740"}],"version-history":[{"count":2,"href":"https:\/\/lagodicomo.com\/it\/wp-json\/wp\/v2\/posts\/9740\/revisions"}],"predecessor-version":[{"id":9763,"href":"https:\/\/lagodicomo.com\/it\/wp-json\/wp\/v2\/posts\/9740\/revisions\/9763"}],"wp:featuredmedia":[{"embeddable":true,"href":"https:\/\/lagodicomo.com\/it\/wp-json\/wp\/v2\/media\/9741"}],"wp:attachment":[{"href":"https:\/\/lagodicomo.com\/it\/wp-json\/wp\/v2\/media?parent=9740"}],"wp:term":[{"taxonomy":"category","embeddable":true,"href":"https:\/\/lagodicomo.com\/it\/wp-json\/wp\/v2\/categories?post=9740"},{"taxonomy":"post_tag","embeddable":true,"href":"https:\/\/lagodicomo.com\/it\/wp-json\/wp\/v2\/tags?post=9740"}],"curies":[{"name":"wp","href":"https:\/\/api.w.org\/{rel}","templated":true}]}}